{"id":17341,"date":"2026-05-03T11:17:45","date_gmt":"2026-05-03T11:17:45","guid":{"rendered":"https:\/\/www.newsrecorder.ro\/app\/2026\/05\/03\/dan-motreanu-psd-si-aur-interese-comune-dezvaluite\/"},"modified":"2026-05-03T11:17:45","modified_gmt":"2026-05-03T11:17:45","slug":"dan-motreanu-psd-si-aur-interese-comune-dezvaluite","status":"publish","type":"post","link":"https:\/\/www.newsrecorder.ro\/app\/2026\/05\/03\/dan-motreanu-psd-si-aur-interese-comune-dezvaluite\/","title":{"rendered":"Dan Motreanu: PSD \u0219i AUR &#8211; Interese comune dezv\u0103luite!"},"content":{"rendered":"<p>\u00centr-o recent\u0103 postare pe Facebook, liderul Partidului Na\u021bional Liberal, Dan Motreanu, a adus \u00een discu\u021bie rela\u021bia dintre PSD \u0219i AUR, descriindu-le ca fiind \u201edou\u0103 fe\u021be ale aceluia\u0219i sistem politic\u201d. De\u0219i aceste forma\u021biuni se prezint\u0103 public ca fiind adversare, Motreanu sugereaz\u0103 c\u0103 exist\u0103 un tipar de colaborare \u00eentre ele, manifestat atunci c\u00e2nd interesele lor politice se aliniaz\u0103.<\/p>\n<p>Referindu-se la alegerile preziden\u021biale din 2024, Motreanu a men\u021bionat c\u0103 George Simion ar fi ob\u021binut voturi din r\u00e2ndul electoratului PSD \u00een primul tur, insinu\u00e2nd c\u0103 s-au desf\u0103\u0219urat \u201ejocuri din culise\u201d pentru a facilita aceast\u0103 situa\u021bie. De asemenea, el a criticat pozi\u021bia PSD \u00een turul al doilea al alegerilor preziden\u021biale din 2025, c\u00e2nd social-democra\u021bii nu au oferit suport pentru candidatul Nicu\u0219or Dan.<\/p>\n<p>Potrivit lui Motreanu, decizia PSD de a permite \u201evotul liber\u201d nu a fost o pozi\u021bie neutr\u0103, ci un calcul politic menit s\u0103 sprijine indirect candidatura lui George Simion, av\u00e2nd \u00een vedere c\u0103 o parte din electoratul PSD ar avea afinit\u0103\u021bi mai mari fa\u021b\u0103 de AUR.<\/p>\n<p>\u00cen continuarea mesajului s\u0103u, Motreanu a subliniat c\u0103 PSD \u0219i AUR au avut, \u00een repetate r\u00e2nduri, ini\u021biative politice comune, incluz\u00e2nd mo\u021biuni \u0219i voturi convergente \u00een Parlament. Acest lucru sugereaz\u0103 c\u0103 obiectivele celor dou\u0103 partide se intersecteaz\u0103 frecvent. De asemenea, el a adus \u00een discu\u021bie transferul unor fo\u0219ti membri PSD c\u0103tre AUR, consider\u00e2ndu-l un indiciu suplimentar al apropierii dintre cele dou\u0103 forma\u021biuni.<\/p>\n<p>Liderul PNL a declarat c\u0103 AUR nu constituie o alternativ\u0103 real\u0103 la PSD, ci mai degrab\u0103 un partid care radicalizeaz\u0103 discursul public, contribuind \u00een acela\u0219i timp la men\u021binerea actualului sistem politic. \u00cen viziunea sa, PSD \u00eendepline\u0219te rolul de actor politic \u201eresponsabil\u201d, \u00een timp ce AUR adopt\u0103 postura \u201erebelului\u201d, dar rezultatul final este acela\u0219i: p\u0103strarea influen\u021bei \u0219i controlului politic.<\/p>\n<p>\u00cen \u00eencheierea mesajului, Dan Motreanu a afirmat c\u0103, \u00een cazul \u00een care PSD \u0219i AUR colaboreaz\u0103 pentru a d\u0103r\u00e2ma Guvernul, ar trebui s\u0103 \u00ee\u0219i asume public aceast\u0103 alian\u021b\u0103 \u0219i s\u0103 formeze \u00eempreun\u0103 o majoritate guvernamental\u0103, asum\u00e2ndu-\u0219i astfel responsabilitatea pentru consecin\u021bele politice \u0219i administrative ale unei asemenea colabor\u0103ri.<\/p>\n","protected":false},"excerpt":{"rendered":"<p>\u00centr-o recent\u0103 postare pe Facebook, liderul Partidului Na\u021bional Liberal, Dan Motreanu, a adus \u00een discu\u021bie rela\u021bia dintre PSD \u0219i AUR, descriindu-le ca fiind \u201edou\u0103 fe\u021be ale aceluia\u0219i sistem politic\u201d. De\u0219i aceste forma\u021biuni se prezint\u0103 public ca fiind adversare, Motreanu sugereaz\u0103 c\u0103 exist\u0103 un tipar de colaborare \u00eentre ele, manifestat atunci c\u00e2nd interesele lor politice se [&hellip;]<\/p>\n","protected":false},"author":2,"featured_media":17342,"comment_status":"open","ping_status":"open","sticky":false,"template":"","format":"standard","meta":{"jnews-multi-image_gallery":[],"jnews_single_post":[],"jnews_primary_category":[],"jnews_override_counter":[],"footnotes":""},"categories":[42],"tags":[2619,1916,19501,8199,19502,286,300,19503],"class_list":["post-17341","post","type-post","status-publish","format-standard","has-post-thumbnail","hentry","category-politica","tag-alegeri-prezidentiale","tag-aur","tag-colaborare-politica","tag-dan-motreanu","tag-jocuri-din-culise","tag-nicusor-dan","tag-psd","tag-vot-liber"],"_links":{"self":[{"href":"https:\/\/www.newsrecorder.ro\/app\/wp-json\/wp\/v2\/posts\/17341","targetHints":{"allow":["GET"]}}],"collection":[{"href":"https:\/\/www.newsrecorder.ro\/app\/wp-json\/wp\/v2\/posts"}],"about":[{"href":"https:\/\/www.newsrecorder.ro\/app\/wp-json\/wp\/v2\/types\/post"}],"author":[{"embeddable":true,"href":"https:\/\/www.newsrecorder.ro\/app\/wp-json\/wp\/v2\/users\/2"}],"replies":[{"embeddable":true,"href":"https:\/\/www.newsrecorder.ro\/app\/wp-json\/wp\/v2\/comments?post=17341"}],"version-history":[{"count":0,"href":"https:\/\/www.newsrecorder.ro\/app\/wp-json\/wp\/v2\/posts\/17341\/revisions"}],"wp:featuredmedia":[{"embeddable":true,"href":"https:\/\/www.newsrecorder.ro\/app\/wp-json\/wp\/v2\/media\/17342"}],"wp:attachment":[{"href":"https:\/\/www.newsrecorder.ro\/app\/wp-json\/wp\/v2\/media?parent=17341"}],"wp:term":[{"taxonomy":"category","embeddable":true,"href":"https:\/\/www.newsrecorder.ro\/app\/wp-json\/wp\/v2\/categories?post=17341"},{"taxonomy":"post_tag","embeddable":true,"href":"https:\/\/www.newsrecorder.ro\/app\/wp-json\/wp\/v2\/tags?post=17341"}],"curies":[{"name":"wp","href":"https:\/\/api.w.org\/{rel}","templated":true}]}}