{"id":17343,"date":"2026-05-03T11:18:13","date_gmt":"2026-05-03T11:18:13","guid":{"rendered":"https:\/\/www.newsrecorder.ro\/app\/2026\/05\/03\/radu-oprea-dragos-pislaru-a-dezinformat-premierul-despre-pnrr\/"},"modified":"2026-05-03T11:18:13","modified_gmt":"2026-05-03T11:18:13","slug":"radu-oprea-dragos-pislaru-a-dezinformat-premierul-despre-pnrr","status":"publish","type":"post","link":"https:\/\/www.newsrecorder.ro\/app\/2026\/05\/03\/radu-oprea-dragos-pislaru-a-dezinformat-premierul-despre-pnrr\/","title":{"rendered":"Radu Oprea: Drago\u0219 P\u00eeslaru a dezinformat premierul despre PNRR!"},"content":{"rendered":"<p>Fostul secretar general al Guvernului, <strong>Radu Oprea<\/strong>, a lansat critici severe la adresa lui <strong>Drago\u0219 P\u00eeslaru<\/strong>, acuz\u00e2ndu-l c\u0103 ar fi oferit informa\u021bii incomplete sau eronate premierului <strong>Ilie Bolojan<\/strong> \u00een leg\u0103tur\u0103 cu implementarea Planului Na\u021bional de Redresare \u0219i Rezilien\u021b\u0103 (PNRR).<\/p>\n<p>Aceste declara\u021bii se concentreaz\u0103 \u00een special pe raportul referitor la vizita de la Bruxelles \u0219i pe situa\u021bia cererii de plat\u0103 num\u0103rul 3 din cadrul PNRR.<\/p>\n<p>Radu Oprea sus\u021bine c\u0103 raportul de deplasare, transmis dup\u0103 \u00eentoarcerea de la Bruxelles, nu ar fi reflectat corect riscurile asociate fondurilor europene. \u201e<strong><a href=\"https:\/\/www.mediafax.ro\/politic\/dragos-pislaru-decizie-finala-pe-cererea-de-plata-nr-3-din-pnrr-am-reusit-sa-recuperam-3507-mil-euro-23729740\">Drago\u0219 P\u00eeslaru<\/a> a transmis un raport de deplasare \u00een care \u00eel dezinformeaz\u0103 pe premierul Bolojan. Nu men\u021bioneaz\u0103 riscurile de a pierde bani din cererea de plat\u0103 num\u0103rul 3\u201d, a scris Oprea pe Facebook.<\/strong><\/p>\n<p>Conform acestuia, documentul ar fi pus accentul pe aspectele pozitive ale negocierilor, f\u0103r\u0103 a aduce \u00een discu\u021bie eventualele pierderi financiare.<\/p>\n<p>Disputa se concentreaz\u0103 asupra implement\u0103rii unor jaloane din cadrul PNRR, inclusiv cel referitor la <strong>AMEPIP<\/strong>, unde Rom\u00e2nia ar fi \u00eenregistrat o pierdere de aproximativ <strong>200 de milioane de euro<\/strong>, conform afirma\u021biilor lui Oprea.<\/p>\n<p>El a subliniat c\u0103 anterior se raportau progrese \u00een domeniul guvernan\u021bei corporative: \u201eProgresele \u00eenregistrate \u00een domeniul guvernan\u021bei corporative, concretizate \u00een opera\u021bionalizarea AMEPIP, adoptarea legisla\u021biei privind companiile de stat \u0219i elaborarea tabloului de bord de monitorizare a indicatorilor de performan\u021b\u0103 au fost recunoscute de echipa Comisiei Europene drept pa\u0219i semnificativi \u00een direc\u021bia corect\u0103\u201d.<\/p>\n<p>Cu toate acestea, fostul oficial a men\u021bionat c\u0103 evalu\u0103rile ulterioare ale Comisiei Europene ar fi indicat probleme de func\u021bionare.<\/p>\n<p>Radu Oprea a mai criticat schimb\u0103rile din echipa de negociere cu Comisia European\u0103, sus\u021bin\u00e2nd c\u0103 acestea au afectat rezultatele Rom\u00e2niei \u00een cadrul PNRR. El a declarat c\u0103 profesioni\u0219ti din Secretariatul General al Guvernului au fost exclu\u0219i din procesul de negociere.<\/p>\n<p>\u201e<strong>Arogan\u021ba unui om ne cost\u0103 pe to\u021bi\u2026 a \u00eendep\u0103rtat din echipa de negociere cu Comisia profesioni\u0219tii din Secretariatul General al Guvernului<\/strong>\u201d, a ad\u0103ugat Oprea.<\/p>\n<p>\u00cen aceea\u0219i not\u0103, el a afirmat c\u0103 o parte din fondurile primite pe jalonul AMEPIP, \u00een valoare de <strong>132 milioane de euro<\/strong>, ar fi fost rezultatul muncii echipei tehnice din SGG. \u201e<strong>Cele 132 milioane euro primite pe jalonul AMEPIP sunt urmare numirii conducerii actuale, printr-o selec\u021bie corect\u0103 \u0219i transparent\u0103, rezultat la care Drago\u0219 P\u00eeslaru sau Oana Gheorghiu nu au avut nicio contribu\u021bie. Meritul este al colegilor din SGG \u0219i, \u00eentr-o oarecare m\u0103sur\u0103, al meu<\/strong>\u201d, a concluzionat Oprea.<\/p>\n","protected":false},"excerpt":{"rendered":"<p>Fostul secretar general al Guvernului, Radu Oprea, a lansat critici severe la adresa lui Drago\u0219 P\u00eeslaru, acuz\u00e2ndu-l c\u0103 ar fi oferit informa\u021bii incomplete sau eronate premierului Ilie Bolojan \u00een leg\u0103tur\u0103 cu implementarea Planului Na\u021bional de Redresare \u0219i Rezilien\u021b\u0103 (PNRR). Aceste declara\u021bii se concentreaz\u0103 \u00een special pe raportul referitor la vizita de la Bruxelles \u0219i pe [&hellip;]<\/p>\n","protected":false},"author":2,"featured_media":17344,"comment_status":"open","ping_status":"open","sticky":false,"template":"","format":"standard","meta":{"jnews-multi-image_gallery":[],"jnews_single_post":[],"jnews_primary_category":[],"jnews_override_counter":[],"footnotes":""},"categories":[42],"tags":[2587,19505,4288,4205,1766,16506,15947,19504],"class_list":["post-17343","post","type-post","status-publish","format-standard","has-post-thumbnail","hentry","category-politica","tag-bruxelles","tag-cererea-de-plata-numarul-3","tag-conflicte-politice","tag-dragos-pislaru","tag-fonduri-europene","tag-plan-national-de-redresare-si-rezilienta","tag-radu-oprea","tag-raport-de-deplasare"],"_links":{"self":[{"href":"https:\/\/www.newsrecorder.ro\/app\/wp-json\/wp\/v2\/posts\/17343","targetHints":{"allow":["GET"]}}],"collection":[{"href":"https:\/\/www.newsrecorder.ro\/app\/wp-json\/wp\/v2\/posts"}],"about":[{"href":"https:\/\/www.newsrecorder.ro\/app\/wp-json\/wp\/v2\/types\/post"}],"author":[{"embeddable":true,"href":"https:\/\/www.newsrecorder.ro\/app\/wp-json\/wp\/v2\/users\/2"}],"replies":[{"embeddable":true,"href":"https:\/\/www.newsrecorder.ro\/app\/wp-json\/wp\/v2\/comments?post=17343"}],"version-history":[{"count":0,"href":"https:\/\/www.newsrecorder.ro\/app\/wp-json\/wp\/v2\/posts\/17343\/revisions"}],"wp:featuredmedia":[{"embeddable":true,"href":"https:\/\/www.newsrecorder.ro\/app\/wp-json\/wp\/v2\/media\/17344"}],"wp:attachment":[{"href":"https:\/\/www.newsrecorder.ro\/app\/wp-json\/wp\/v2\/media?parent=17343"}],"wp:term":[{"taxonomy":"category","embeddable":true,"href":"https:\/\/www.newsrecorder.ro\/app\/wp-json\/wp\/v2\/categories?post=17343"},{"taxonomy":"post_tag","embeddable":true,"href":"https:\/\/www.newsrecorder.ro\/app\/wp-json\/wp\/v2\/tags?post=17343"}],"curies":[{"name":"wp","href":"https:\/\/api.w.org\/{rel}","templated":true}]}}