{"id":1778,"date":"2026-02-04T19:20:11","date_gmt":"2026-02-04T19:20:11","guid":{"rendered":"https:\/\/www.newsrecorder.ro\/app\/2026\/02\/04\/ultima-luna-de-iarna-aduce-surprize-ger-si-ninsori-in-prognoza\/"},"modified":"2026-02-04T19:20:11","modified_gmt":"2026-02-04T19:20:11","slug":"ultima-luna-de-iarna-aduce-surprize-ger-si-ninsori-in-prognoza","status":"publish","type":"post","link":"https:\/\/www.newsrecorder.ro\/app\/2026\/02\/04\/ultima-luna-de-iarna-aduce-surprize-ger-si-ninsori-in-prognoza\/","title":{"rendered":"Ultima lun\u0103 de iarn\u0103 aduce surprize: ger \u0219i ninsori \u00een prognoz\u0103!"},"content":{"rendered":"<p>Conform prognozei oferite de Administra\u021bia Na\u021bional\u0103 de Meteorologie (ANM), s\u0103pt\u0103m\u00e2na 2-9 februarie va aduce temperaturi mai ridicate dec\u00e2t cele obi\u0219nuite pentru aceast\u0103 perioad\u0103 \u00een regiunile vestice, nord-vestice, centrale \u0219i montane. Totu\u0219i, \u00een extremit\u0103\u021bile de sud-vest \u0219i nord-est ale \u021b\u0103rii, valorile termice vor fi local mai sc\u0103zute. \u00cen restul \u021b\u0103rii, temperaturile vor fi, \u00een general, apropiate de media normal\u0103.<\/p>\n<p>\u00cen ceea ce prive\u0219te precipita\u021biile, regimul pluviometric va fi excedentar \u00een regiunile sudice \u0219i sud-estice, \u00een timp ce \u00een nordul Carpa\u021bilor Orientali se vor \u00eenregistra condi\u021bii local deficitar. \u00cen restul \u021b\u0103rii, cantit\u0103\u021bile de precipita\u021bii se vor men\u021bine \u00een limitele normale pentru acest interval.<\/p>\n<p>Pe parcursul s\u0103pt\u0103m\u00e2nii 9-16 februarie, temperaturile medii se preconizeaz\u0103 a fi u\u0219or mai ridicate \u00een regiunile intracarpatice, cu excep\u021bia extremit\u0103\u021bii de nord-est, unde se a\u0219teapt\u0103 valori mai sc\u0103zute. \u00cen celelalte zone, temperaturile vor fi \u00een concordan\u021b\u0103 cu cele specifice acestei perioade.<\/p>\n<p>Cantit\u0103\u021bile de precipita\u021bii vor fi excedentare la nivel na\u021bional, cu o accentuare \u00een regiunile sudice.<\/p>\n<p>\u00cen s\u0103pt\u0103m\u00e2na 16-23 februarie, se estimeaz\u0103 c\u0103 temperatura medie a aerului va avea valori u\u0219or superioare celor specifice acestui interval \u00een regiunile intracarpatice, \u00een timp ce \u00een alte zone, valorile vor r\u0103m\u00e2ne apropiate de normalitate.<\/p>\n<p>Regimul pluviometric va continua s\u0103 fie excedentar \u00een regiunile vestice \u0219i nord-vestice, \u00een timp ce \u00een restul \u021b\u0103rii se va men\u021bine \u00een limitele normale pentru aceast\u0103 perioad\u0103.<\/p>\n<p>\u00cen final, pentru s\u0103pt\u0103m\u00e2na 23 februarie-2 martie, se estimeaz\u0103 c\u0103 mediile valorilor termice vor dep\u0103\u0219i u\u0219or specifica\u021biile normale pentru aceast\u0103 s\u0103pt\u0103m\u00e2n\u0103 pe \u00eentreg teritoriul Rom\u00e2niei. Cantit\u0103\u021bile de precipita\u021bii prognozate pentru acest interval se vor situa, de asemenea, \u00een limitele normale \u00een toate regiunile, conform ANM.<\/p>\n","protected":false},"excerpt":{"rendered":"<p>Conform prognozei oferite de Administra\u021bia Na\u021bional\u0103 de Meteorologie (ANM), s\u0103pt\u0103m\u00e2na 2-9 februarie va aduce temperaturi mai ridicate dec\u00e2t cele obi\u0219nuite pentru aceast\u0103 perioad\u0103 \u00een regiunile vestice, nord-vestice, centrale \u0219i montane. Totu\u0219i, \u00een extremit\u0103\u021bile de sud-vest \u0219i nord-est ale \u021b\u0103rii, valorile termice vor fi local mai sc\u0103zute. \u00cen restul \u021b\u0103rii, temperaturile vor fi, \u00een general, apropiate [&hellip;]<\/p>\n","protected":false},"author":5,"featured_media":1779,"comment_status":"open","ping_status":"open","sticky":false,"template":"","format":"standard","meta":{"jnews-multi-image_gallery":[],"jnews_single_post":[],"jnews_primary_category":[],"jnews_override_counter":[],"footnotes":""},"categories":[45],"tags":[1816,974,135,141,1600,1963,737,1261],"class_list":["post-1778","post","type-post","status-publish","format-standard","has-post-thumbnail","hentry","category-meteo","tag-administratia-nationala-de-meteorologie","tag-conditii-meteorologice","tag-precipitatii","tag-prognoza-meteo","tag-regiunile-vestice","tag-saptamana-2-9-februarie","tag-temperaturi-ridicate","tag-valori-termice"],"_links":{"self":[{"href":"https:\/\/www.newsrecorder.ro\/app\/wp-json\/wp\/v2\/posts\/1778","targetHints":{"allow":["GET"]}}],"collection":[{"href":"https:\/\/www.newsrecorder.ro\/app\/wp-json\/wp\/v2\/posts"}],"about":[{"href":"https:\/\/www.newsrecorder.ro\/app\/wp-json\/wp\/v2\/types\/post"}],"author":[{"embeddable":true,"href":"https:\/\/www.newsrecorder.ro\/app\/wp-json\/wp\/v2\/users\/5"}],"replies":[{"embeddable":true,"href":"https:\/\/www.newsrecorder.ro\/app\/wp-json\/wp\/v2\/comments?post=1778"}],"version-history":[{"count":0,"href":"https:\/\/www.newsrecorder.ro\/app\/wp-json\/wp\/v2\/posts\/1778\/revisions"}],"wp:featuredmedia":[{"embeddable":true,"href":"https:\/\/www.newsrecorder.ro\/app\/wp-json\/wp\/v2\/media\/1779"}],"wp:attachment":[{"href":"https:\/\/www.newsrecorder.ro\/app\/wp-json\/wp\/v2\/media?parent=1778"}],"wp:term":[{"taxonomy":"category","embeddable":true,"href":"https:\/\/www.newsrecorder.ro\/app\/wp-json\/wp\/v2\/categories?post=1778"},{"taxonomy":"post_tag","embeddable":true,"href":"https:\/\/www.newsrecorder.ro\/app\/wp-json\/wp\/v2\/tags?post=1778"}],"curies":[{"name":"wp","href":"https:\/\/api.w.org\/{rel}","templated":true}]}}