{"id":1782,"date":"2026-02-04T19:20:48","date_gmt":"2026-02-04T19:20:48","guid":{"rendered":"https:\/\/www.newsrecorder.ro\/app\/2026\/02\/04\/judecata-de-apoi-a-lui-michelangelo-restaurare-spectaculoasa-in-curs\/"},"modified":"2026-02-04T19:20:48","modified_gmt":"2026-02-04T19:20:48","slug":"judecata-de-apoi-a-lui-michelangelo-restaurare-spectaculoasa-in-curs","status":"publish","type":"post","link":"https:\/\/www.newsrecorder.ro\/app\/2026\/02\/04\/judecata-de-apoi-a-lui-michelangelo-restaurare-spectaculoasa-in-curs\/","title":{"rendered":"\u201eJudecata de Apoi\u201d a lui Michelangelo: Restaurare spectaculoas\u0103 \u00een curs!"},"content":{"rendered":"<p>Interven\u021bia de restaurare a Capelei Sixtine a \u00eenceput luni, cu instalarea schelelor \u00een fa\u021ba peretelui altarului. Vaticanul estimeaz\u0103 c\u0103 aceste schele vor r\u0103m\u00e2ne \u00een loc timp de aproximativ trei luni, pentru a permite finalizarea lucr\u0103rilor de restaurare. Vizitatorii vor putea continua s\u0103 admire capela, deoarece restauratorii vor lucra \u00een spatele unui panou mare, care va fi acoperit cu o reproducere de \u00eenalt\u0103 rezolu\u021bie a celebrei fresce, conform informa\u021biilor furnizate de <a href=\"https:\/\/www.ilpost.it\/2026\/02\/03\/giudizio-universale-restauro\/\" target=\"_blank\" rel=\"noopener\">Il Post<\/a>.<\/p>\n<p>Actuala restaurare este cea mai semnificativ\u0103 de la proiectul major \u00eencheiat \u00een 1994, care a durat 14 ani. Aceast\u0103 interven\u021bie a vizat at\u00e2t \u201eJudecata de Apoi\u201d, c\u00e2t \u0219i bolta Capelei Sixtine \u0219i a dus la redescoperirea culorilor frescelor \u00een nuan\u021be mult mai vii dec\u00e2t se anticipa, dup\u0103 \u00eendep\u0103rtarea depunerilor de fum, praf \u0219i murd\u0103rie acumulat\u0103 \u00een decursul secolelor.<\/p>\n<p>Potrivit lui Paolo Violini, coordonatorul laboratorului de restaurare a picturilor \u0219i obiectelor din lemn al Muzeelor Vaticanului, pe suprafa\u021ba frescei s-a format o \u201epelicul\u0103 albicioas\u0103 difuz\u0103\u201d. Aceasta ar fi cauzat\u0103 de microparticule transportate de curen\u021bii de aer din interior, care au diminuat contrastul dintre lumin\u0103 \u0219i umbr\u0103, afect\u00e2nd astfel intensitatea culorilor \u0219i dificult\u00e2nd percep\u021bia detaliilor.<\/p>\n<p>Capela Sixtin\u0103 atrage zilnic zeci de mii de vizitatori, iar prezen\u021ba acestora influen\u021beaz\u0103 microclimatul interior, contribuind la degradarea frescelor prin c\u0103ldura corporal\u0103, umiditate \u0219i dioxid de carbon. \u00cen scop de protec\u021bie, <a href=\"https:\/\/www.mediafax.ro\/cultura-media\/regele-charles-la-vatican-un-moment-istoric-pentru-relatiile-dintre-biserica-anglicana-si-cea-catolica-a-devenit-primul-monarh-britanic-care-s-a-rugat-alaturi-de-un-papa-an-ultimii-500-de-ani-23630567\" target=\"_blank\" rel=\"noopener\">Vaticanul<\/a> men\u021bine temperatura \u00eentre 22\u201324\u00b0C \u0219i umiditatea sub 60%. \u00cen plus, sunt utilizate sisteme de ventila\u021bie \u0219i monitorizare a aerului, iar lucr\u0103rile de cur\u0103\u021bare sunt efectuate anual \u00een perioada de \u00eenchidere a muzeului.<\/p>\n<p>Interven\u021bia de restaurare permite ca p\u00e2n\u0103 la 12 speciali\u0219ti s\u0103 lucreze simultan. Proiectul este finan\u021bat de organiza\u021bia non-profit Patrons of the Arts in the Vatican Museums, care sprijin\u0103 conservarea patrimoniului prin dona\u021bii private. Al\u0103turi de restauratori, sunt implicate \u0219i departamentele de cercetare, conservare \u0219i documentare fotografic\u0103 ale muzeului.<\/p>\n<p>\u201eJudecata de Apoi\u201d, una dintre cele mai renumite lucr\u0103ri ale lui Michelangelo, a fost comandat\u0103 \u00een 1533 de papa Clement al VII-lea, iar lucr\u0103rile au fost finalizate \u00een 1541 sub pontificatul lui Paul al III-lea. Aceast\u0103 fresc\u0103 acoper\u0103 o suprafa\u021b\u0103 de peste 180 m\u00b2 \u0219i include 391 de personaje. Restaurarea urm\u0103re\u0219te p\u0103strarea inten\u021biei originale a artistului, combin\u00e2nd protec\u021bia patrimoniului cu accesul publicului, \u0219i marcheaz\u0103 o nou\u0103 etap\u0103 \u00een conservarea uneia dintre cele mai importante crea\u021bii artistice din lume.<\/p>\n","protected":false},"excerpt":{"rendered":"<p>Interven\u021bia de restaurare a Capelei Sixtine a \u00eenceput luni, cu instalarea schelelor \u00een fa\u021ba peretelui altarului. Vaticanul estimeaz\u0103 c\u0103 aceste schele vor r\u0103m\u00e2ne \u00een loc timp de aproximativ trei luni, pentru a permite finalizarea lucr\u0103rilor de restaurare. Vizitatorii vor putea continua s\u0103 admire capela, deoarece restauratorii vor lucra \u00een spatele unui panou mare, care va [&hellip;]<\/p>\n","protected":false},"author":7,"featured_media":1783,"comment_status":"open","ping_status":"open","sticky":false,"template":"","format":"standard","meta":{"jnews-multi-image_gallery":[],"jnews_single_post":[],"jnews_primary_category":[],"jnews_override_counter":[],"footnotes":""},"categories":[43],"tags":[2990,2992,2569,2573,1009,2991,2570,2568],"class_list":["post-1782","post","type-post","status-publish","format-standard","has-post-thumbnail","hentry","category-cultura","tag-capela-sixtina","tag-culori","tag-fresce","tag-judecata-de-apoi","tag-patrimoniu-cultural","tag-restaurare","tag-schele","tag-vatican"],"_links":{"self":[{"href":"https:\/\/www.newsrecorder.ro\/app\/wp-json\/wp\/v2\/posts\/1782","targetHints":{"allow":["GET"]}}],"collection":[{"href":"https:\/\/www.newsrecorder.ro\/app\/wp-json\/wp\/v2\/posts"}],"about":[{"href":"https:\/\/www.newsrecorder.ro\/app\/wp-json\/wp\/v2\/types\/post"}],"author":[{"embeddable":true,"href":"https:\/\/www.newsrecorder.ro\/app\/wp-json\/wp\/v2\/users\/7"}],"replies":[{"embeddable":true,"href":"https:\/\/www.newsrecorder.ro\/app\/wp-json\/wp\/v2\/comments?post=1782"}],"version-history":[{"count":0,"href":"https:\/\/www.newsrecorder.ro\/app\/wp-json\/wp\/v2\/posts\/1782\/revisions"}],"wp:featuredmedia":[{"embeddable":true,"href":"https:\/\/www.newsrecorder.ro\/app\/wp-json\/wp\/v2\/media\/1783"}],"wp:attachment":[{"href":"https:\/\/www.newsrecorder.ro\/app\/wp-json\/wp\/v2\/media?parent=1782"}],"wp:term":[{"taxonomy":"category","embeddable":true,"href":"https:\/\/www.newsrecorder.ro\/app\/wp-json\/wp\/v2\/categories?post=1782"},{"taxonomy":"post_tag","embeddable":true,"href":"https:\/\/www.newsrecorder.ro\/app\/wp-json\/wp\/v2\/tags?post=1782"}],"curies":[{"name":"wp","href":"https:\/\/api.w.org\/{rel}","templated":true}]}}