{"id":1806,"date":"2026-02-08T00:11:10","date_gmt":"2026-02-08T00:11:10","guid":{"rendered":"https:\/\/www.newsrecorder.ro\/app\/2026\/02\/08\/atentie-rauri-in-pericol-depasiri-de-cota-anuntate\/"},"modified":"2026-02-08T00:11:10","modified_gmt":"2026-02-08T00:11:10","slug":"atentie-rauri-in-pericol-depasiri-de-cota-anuntate","status":"publish","type":"post","link":"https:\/\/www.newsrecorder.ro\/app\/2026\/02\/08\/atentie-rauri-in-pericol-depasiri-de-cota-anuntate\/","title":{"rendered":"Aten\u021bie! R\u00e2uri \u00een pericol: dep\u0103\u0219iri de cot\u0103 anun\u021bate!"},"content":{"rendered":"<p>\u00cen urma fenomenelor meteorologice extreme, Inspectoratul pentru Situa\u021bii de Urgen\u021b\u0103 Buz\u0103u a desf\u0103\u0219urat nu mai pu\u021bin de 21 de misiuni pentru evacuarea apei din diverse gospod\u0103rii, locuin\u021be \u0219i unit\u0103\u021bi economice. Interven\u021biile s-au concentrat \u00een municipiile Buz\u0103u \u0219i R\u00e2mnicu S\u0103rat, precum \u0219i \u00een localit\u0103\u021bile Tis\u0103u, Istri\u021ba de Jos (comuna S\u0103h\u0103teni), Coste\u0219ti, Vipere\u0219ti, Afuma\u021bi (comuna P\u00e2rscov), Topliceni, Podgoria, Lipia (comuna Merei), S\u0103tuc (comuna Berca) \u0219i Buda (comuna Buda).<\/p>\n<p>\u00cen prezent, echipele de interven\u021bie continu\u0103 s\u0103 lucreze pentru evacuarea apei \u00een zonele afectate, inclusiv pe \u0218oseaua Sp\u0103tarului din municipiul Buz\u0103u, precum \u0219i \u00een comuna Verne\u0219ti \u0219i localitatea S\u0103tuc, comuna Berca. De asemenea, \u00een localitatea Mierea, accesul c\u0103tre cele 25 de locuin\u021be este posibil doar cu autoturisme, din cauza condi\u021biilor dificile.<\/p>\n<p>\u00cen ultimele ore, pompierii din Buz\u0103u au fost solicita\u021bi pentru interven\u021bii suplimentare \u00een mai multe loca\u021bii afectate de inunda\u021bii. Printre acestea se num\u0103r\u0103:<\/p>\n<ul>\n<li>Municipiul Buz\u0103u &#8211; depozit en-gros, sos. Br\u0103ilei;<\/li>\n<li>Municipiul Buz\u0103u &#8211; locuin\u021b\u0103, str. Prim\u0103verii;<\/li>\n<li>Localitatea S\u0103tuc, comuna Berca &#8211; locuin\u021b\u0103;<\/li>\n<li>Localitatea Buda, comuna Buda &#8211; locuin\u021b\u0103.<\/li>\n<\/ul>\n<p>Ac\u021biunile se concentreaz\u0103 pe \u00eenl\u0103turarea efectelor negative cauzate de inunda\u021bii \u0219i restabilirea situa\u021biei.<\/p>\n<p>Pe de alt\u0103 parte, avertiz\u0103rile emise de hidrologi subliniaz\u0103 riscurile asociate cu scurgerile importante de ap\u0103 pe versan\u021bi, toren\u021bi \u0219i p\u00e2raie, precum \u0219i viituri rapide pe r\u00e2urile mici, care ar putea provoca inunda\u021bii locale. Speciali\u0219tii de la Apele Rom\u00e2ne au actualizat Avertizarea Hidrologic\u0103 nr. 12 din 05.02.2026, pe fondul prognozelor meteorologice pentru urm\u0103toarele 24 de ore, care includ precipita\u021bii \u0219i ced\u0103ri de ap\u0103 din stratul de z\u0103pad\u0103.<\/p>\n<p>Astfel, a fost emis un <strong>cod galben<\/strong> valabil \u00eentre 06.02.2026, ora 12:00 \u0219i 07.02.2026, ora 12:00, pentru r\u00e2urile din bazinele hidrografice, printre care se num\u0103r\u0103 r\u00e2ul Teleajen, Cricovul S\u0103rat, S\u0103rata, C\u0103lm\u0103\u0163ui, Ni\u015fcov (afluent al r\u00e2ului Buz\u0103u) \u0219i r\u00e2ul Buz\u0103u pe sectorul aval confluen\u021b\u0103 cu Ni\u015fcov.<\/p>\n<p>De asemenea, \u00eentre 06.02.2026, ora 12:00 \u0219i 06.02.2026, ora 18:00, este \u00een vigoare un <strong>cod portocaliu<\/strong> pentru r\u00e2urile Teleajen \u0219i Ni\u015fcov.<\/p>\n<p>Avertiz\u0103rile hidrologice anterioare din alte bazine au fost ridicate, dar este important de men\u021bionat c\u0103 fenomenele hidrologice poten\u021bial periculoase r\u0103m\u00e2n posibile, inclusiv pe afluen\u021bii de grad inferior ai r\u00e2urilor men\u021bionate \u0219i pe cursurile de ap\u0103 necadastrate din bazinele afectate.<\/p>\n","protected":false},"excerpt":{"rendered":"<p>\u00cen urma fenomenelor meteorologice extreme, Inspectoratul pentru Situa\u021bii de Urgen\u021b\u0103 Buz\u0103u a desf\u0103\u0219urat nu mai pu\u021bin de 21 de misiuni pentru evacuarea apei din diverse gospod\u0103rii, locuin\u021be \u0219i unit\u0103\u021bi economice. Interven\u021biile s-au concentrat \u00een municipiile Buz\u0103u \u0219i R\u00e2mnicu S\u0103rat, precum \u0219i \u00een localit\u0103\u021bile Tis\u0103u, Istri\u021ba de Jos (comuna S\u0103h\u0103teni), Coste\u0219ti, Vipere\u0219ti, Afuma\u021bi (comuna P\u00e2rscov), Topliceni, [&hellip;]<\/p>\n","protected":false},"author":5,"featured_media":1807,"comment_status":"open","ping_status":"open","sticky":false,"template":"","format":"standard","meta":{"jnews-multi-image_gallery":[],"jnews_single_post":[],"jnews_primary_category":[],"jnews_override_counter":[],"footnotes":""},"categories":[45],"tags":[3040,3036,1838,2880,3037,3039,3041,2047],"class_list":["post-1806","post","type-post","status-publish","format-standard","has-post-thumbnail","hentry","category-meteo","tag-buzau","tag-evacuare-apa","tag-interventii","tag-inundatii","tag-localitati-afectate","tag-pompieri","tag-ramnicu-sarat","tag-situatii-de-urgenta"],"_links":{"self":[{"href":"https:\/\/www.newsrecorder.ro\/app\/wp-json\/wp\/v2\/posts\/1806","targetHints":{"allow":["GET"]}}],"collection":[{"href":"https:\/\/www.newsrecorder.ro\/app\/wp-json\/wp\/v2\/posts"}],"about":[{"href":"https:\/\/www.newsrecorder.ro\/app\/wp-json\/wp\/v2\/types\/post"}],"author":[{"embeddable":true,"href":"https:\/\/www.newsrecorder.ro\/app\/wp-json\/wp\/v2\/users\/5"}],"replies":[{"embeddable":true,"href":"https:\/\/www.newsrecorder.ro\/app\/wp-json\/wp\/v2\/comments?post=1806"}],"version-history":[{"count":0,"href":"https:\/\/www.newsrecorder.ro\/app\/wp-json\/wp\/v2\/posts\/1806\/revisions"}],"wp:featuredmedia":[{"embeddable":true,"href":"https:\/\/www.newsrecorder.ro\/app\/wp-json\/wp\/v2\/media\/1807"}],"wp:attachment":[{"href":"https:\/\/www.newsrecorder.ro\/app\/wp-json\/wp\/v2\/media?parent=1806"}],"wp:term":[{"taxonomy":"category","embeddable":true,"href":"https:\/\/www.newsrecorder.ro\/app\/wp-json\/wp\/v2\/categories?post=1806"},{"taxonomy":"post_tag","embeddable":true,"href":"https:\/\/www.newsrecorder.ro\/app\/wp-json\/wp\/v2\/tags?post=1806"}],"curies":[{"name":"wp","href":"https:\/\/api.w.org\/{rel}","templated":true}]}}