{"id":1832,"date":"2026-02-08T00:14:24","date_gmt":"2026-02-08T00:14:24","guid":{"rendered":"https:\/\/www.newsrecorder.ro\/app\/2026\/02\/08\/nobelista-narges-mohammadi-isi-incepe-greva-foamei-in-detentia-din-iran\/"},"modified":"2026-02-08T00:14:24","modified_gmt":"2026-02-08T00:14:24","slug":"nobelista-narges-mohammadi-isi-incepe-greva-foamei-in-detentia-din-iran","status":"publish","type":"post","link":"https:\/\/www.newsrecorder.ro\/app\/2026\/02\/08\/nobelista-narges-mohammadi-isi-incepe-greva-foamei-in-detentia-din-iran\/","title":{"rendered":"Nobelista Narges Mohammadi \u00ee\u0219i \u00eencepe greva foamei \u00een deten\u021bia din Iran"},"content":{"rendered":"<p>Narges Mohammadi, laureata Premiului Nobel pentru Pace, \u0219i-a \u00eenceput o grev\u0103 a foamei \u00een timpul deten\u021biei sale \u00een Iran, conform informa\u021biilor furnizate de funda\u021bia care \u00eei este administrat\u0103 de familie. Aceasta a exprimat \u00eengrijor\u0103ri profunde cu privire la s\u0103n\u0103tatea sa \u0219i la condi\u021biile dure de deten\u021bie cu care se confrunt\u0103 mul\u021bi de\u021binu\u021bi politici \u00een \u021bar\u0103, potrivit <a style=\"color: #0000ff\" href=\"https:\/\/edition.cnn.com\/2026\/02\/04\/middleeast\/narges-mohammadi-iran-hunger-strike-intl\" target=\"_blank\" rel=\"noopener\">CNN<\/a>.<\/p>\n<p>Funda\u021bia, situat\u0103 la Paris, a comunicat c\u0103 a ob\u021binut informa\u021bii credibile care confirm\u0103 faptul c\u0103 Mohammadi a intrat \u00een greva foamei la \u00eenceputul acestei s\u0103pt\u0103m\u00e2ni, protest\u00e2nd \u00eempotriva deten\u021biei sale pe care o consider\u0103 ilegal\u0103 \u0219i a condi\u021biilor extreme din \u00eenchisoare.<\/p>\n<p>Declara\u021bia trimis\u0103 c\u0103tre CNN subliniaz\u0103 riscurile grave la care este expus\u0103, av\u00e2nd \u00een vedere istoricul medical al activistei.<\/p>\n<h2>\u00cengrijor\u0103ri urgente privind s\u0103n\u0103tatea<\/h2>\n<p>Familia lui Mohammadi a exprimat temeri serioase legate de starea ei de s\u0103n\u0103tate, subliniind c\u0103 o deten\u021bie prelungit\u0103 ar putea fi extrem de periculoas\u0103. Activista a suferit anterior de infarcte, hipertensiune arterial\u0103 cronic\u0103, dureri \u00een piept \u0219i probleme la coloan\u0103.<\/p>\n<p>Funda\u021bia a avertizat c\u0103 aceste afec\u021biuni medicale \u00eei cresc semnificativ riscurile asociate cu greva foamei \u0219i cu o \u00eencarcerare de lung\u0103 durat\u0103. Fiul ei, Ali Rahmani, a declarat c\u0103 este \u201eprofund \u00eengrijorat\u201d pentru mama sa \u0219i a descris situa\u021bia de\u021binu\u021bilor politici din Iran ca pe o adev\u0103rat\u0103 criz\u0103 umanitar\u0103.<\/p>\n<p>Familia a men\u021bionat c\u0103, din momentul arest\u0103rii, Mohammadi a avut un contact extrem de limitat cu cei dragi, av\u00e2nd permisiunea de a efectua un singur apel telefonic scurt \u00een mijlocul lunii decembrie.<\/p>\n<h2>Arestare, activism \u0219i presiuni continue<\/h2>\n<p><a style=\"color: #0000ff\" href=\"https:\/\/www.mediafax.ro\/externe\/iranul-a-arestat-o-laureata-a-premiului-nobel-pentru-pace-23657291\">Mohammadi a fost arestat\u0103 \u00een decembrie<\/a>, \u00een timpul unei ceremonii comemorative dedicate unui avocat pentru drepturile omului decedat, desf\u0103\u0219urat\u0103 la Mashhad.<\/p>\n<p>So\u021bul s\u0103u, Taghi Rahmani, a declarat c\u0103 autorit\u0103\u021bile au \u00eencercat s\u0103 o determine s\u0103 declare public c\u0103 se afl\u0103 \u00eentr-o stare bun\u0103 de s\u0103n\u0103tate, cerere pe care Mohammadi a refuzat-o. \u201eEa insist\u0103 s\u0103-\u0219i spun\u0103 adev\u0103rul\u201d, a afirmat Rahmani, ad\u0103ug\u00e2nd c\u0103 oficialii se tem de posibilitatea ca aceasta s\u0103 \u00ee\u0219i reia activitatea de advocacy odat\u0103 ce va fi eliberat\u0103.<\/p>\n<p>Sus\u021bin\u0103torii lui Mohammadi afirm\u0103 c\u0103 aceasta r\u0103m\u00e2ne dedicat\u0103 ap\u0103r\u0103rii drepturilor femeilor \u0219i libert\u0103\u021bilor democratice, \u00een ciuda deten\u021biilor repetate.<\/p>\n<h2>O istorie \u00eendelungat\u0103 de deten\u021bie<\/h2>\n<p>Mohammadi este una dintre cele mai cunoscute voci critice la adresa regimului iranian \u0219i a c\u00e2\u0219tigat <a style=\"color: #0000ff\" href=\"https:\/\/www.mediafax.ro\/externe\/o-activista-iraniana-aflata-in-detentie-a-castigat-premiul-nobel-pentru-pace-22148381\">Premiul Nobel pentru Pace \u00een 2023<\/a>.<\/p>\n<p>\u00cen ultimele dou\u0103 decenii, ea a petrecut o mare parte din timp \u00een \u00eenchisoarea Evin din Teheran, unde a primit multiple condamn\u0103ri totaliz\u00e2nd 36 de ani de \u00eenchisoare pe baza unor acuza\u021bii legate de securitatea na\u021bional\u0103.<\/p>\n<p>Funda\u021bia sa a f\u0103cut apel la organiza\u021biile interna\u021bionale pentru drepturile omului \u0219i la guverne s\u0103 intervin\u0103, subliniind c\u0103 vie\u021bile de\u021binu\u021bilor politici sunt \u00een continuare \u00een pericol.<\/p>\n","protected":false},"excerpt":{"rendered":"<p>Narges Mohammadi, laureata Premiului Nobel pentru Pace, \u0219i-a \u00eenceput o grev\u0103 a foamei \u00een timpul deten\u021biei sale \u00een Iran, conform informa\u021biilor furnizate de funda\u021bia care \u00eei este administrat\u0103 de familie. Aceasta a exprimat \u00eengrijor\u0103ri profunde cu privire la s\u0103n\u0103tatea sa \u0219i la condi\u021biile dure de deten\u021bie cu care se confrunt\u0103 mul\u021bi de\u021binu\u021bi politici \u00een \u021bar\u0103, [&hellip;]<\/p>\n","protected":false},"author":7,"featured_media":1833,"comment_status":"open","ping_status":"open","sticky":false,"template":"","format":"standard","meta":{"jnews-multi-image_gallery":[],"jnews_single_post":[],"jnews_primary_category":[],"jnews_override_counter":[],"footnotes":""},"categories":[43],"tags":[3095,454,3096,3094,913,3093,803,551],"class_list":["post-1832","post","type-post","status-publish","format-standard","has-post-thumbnail","hentry","category-cultura","tag-conditii-dure","tag-detentie","tag-detinuti-politici","tag-greva-foamei","tag-iran","tag-narges-mohammadi","tag-premiul-nobel-pentru-pace","tag-sanatate"],"_links":{"self":[{"href":"https:\/\/www.newsrecorder.ro\/app\/wp-json\/wp\/v2\/posts\/1832","targetHints":{"allow":["GET"]}}],"collection":[{"href":"https:\/\/www.newsrecorder.ro\/app\/wp-json\/wp\/v2\/posts"}],"about":[{"href":"https:\/\/www.newsrecorder.ro\/app\/wp-json\/wp\/v2\/types\/post"}],"author":[{"embeddable":true,"href":"https:\/\/www.newsrecorder.ro\/app\/wp-json\/wp\/v2\/users\/7"}],"replies":[{"embeddable":true,"href":"https:\/\/www.newsrecorder.ro\/app\/wp-json\/wp\/v2\/comments?post=1832"}],"version-history":[{"count":0,"href":"https:\/\/www.newsrecorder.ro\/app\/wp-json\/wp\/v2\/posts\/1832\/revisions"}],"wp:featuredmedia":[{"embeddable":true,"href":"https:\/\/www.newsrecorder.ro\/app\/wp-json\/wp\/v2\/media\/1833"}],"wp:attachment":[{"href":"https:\/\/www.newsrecorder.ro\/app\/wp-json\/wp\/v2\/media?parent=1832"}],"wp:term":[{"taxonomy":"category","embeddable":true,"href":"https:\/\/www.newsrecorder.ro\/app\/wp-json\/wp\/v2\/categories?post=1832"},{"taxonomy":"post_tag","embeddable":true,"href":"https:\/\/www.newsrecorder.ro\/app\/wp-json\/wp\/v2\/tags?post=1832"}],"curies":[{"name":"wp","href":"https:\/\/api.w.org\/{rel}","templated":true}]}}