{"id":1858,"date":"2026-02-08T00:17:28","date_gmt":"2026-02-08T00:17:28","guid":{"rendered":"https:\/\/www.newsrecorder.ro\/app\/2026\/02\/08\/tragedie-in-sudan-atac-cu-drone-lasa-24-de-morti-inclusiv-8-copii\/"},"modified":"2026-02-08T00:17:28","modified_gmt":"2026-02-08T00:17:28","slug":"tragedie-in-sudan-atac-cu-drone-lasa-24-de-morti-inclusiv-8-copii","status":"publish","type":"post","link":"https:\/\/www.newsrecorder.ro\/app\/2026\/02\/08\/tragedie-in-sudan-atac-cu-drone-lasa-24-de-morti-inclusiv-8-copii\/","title":{"rendered":"Tragedie \u00een Sudan: Atac cu drone las\u0103 24 de mor\u021bi, inclusiv 8 copii"},"content":{"rendered":"<p>Conform re\u021belei de medici din Sudan, un atac devastator a avut loc s\u00e2mb\u0103t\u0103, c\u00e2nd grupul paramilitar Rapid Support Forces (RSF) a atacat un vehicul ce transporta familii str\u0103mutate, conform informa\u021biilor furnizate de <a href=\"https:\/\/news.sky.com\/story\/sudan-drone-attack-kills-24-people-including-eight-children-13504444\" target=\"_blank\" rel=\"noopener\">Sky News<\/a>.<\/p>\n<p>\u00cen urma acestui incident, 24 de persoane \u0219i-au pierdut via\u021ba, printre care se num\u0103r\u0103 \u0219i opt copii, inclusiv doi copii mici. De asemenea, c\u00e2\u021biva al\u021bi pasageri au suferit r\u0103ni.<\/p>\n<p>Atacul a avut loc \u00een apropierea ora\u0219ului Rahad, situat \u00een provincia Kordofanul de Nord, o zon\u0103 care se confrunt\u0103 cu o sever\u0103 penurie de medicamente.<\/p>\n<p>Vehiculul atacat transporta familii care fugiser\u0103 de violen\u021bele din zona Dubeiker, c\u0103ut\u00e2nd refugiu \u00eentr-un mediu mai sigur.<\/p>\n<p>Acest incident tragic s-a produs la o zi dup\u0103 ce un convoi al Programului Alimentar Mondial a fost atacat, provoc\u00e2nd moartea unei persoane \u0219i r\u0103nirea altor c\u00e2teva.<\/p>\n<p>\u00cen urma acestui atac, grupul de medici a f\u0103cut apel la comunitatea interna\u021bional\u0103 \u0219i organiza\u021biile pentru drepturile omului, solicit\u00e2nd \u201em\u0103suri imediate pentru a proteja civilii \u0219i pentru a trasa la r\u0103spundere conducerea RSF pentru aceste \u00eenc\u0103lc\u0103ri\u201d.<\/p>\n<p>RSF, care se afl\u0103 \u00een conflict deschis cu armata sudanez\u0103 de aproximativ trei ani pentru controlul \u021b\u0103rii, nu a oferit deocamdat\u0103 niciun comentariu referitor la acest atac.<\/p>\n<p>Conflictul dintre cele dou\u0103 p\u0103r\u021bi a dus la lupte intense \u00een capitala Khartoum \u00een 2023, iar conform estim\u0103rilor ONU, peste 40.000 de oameni au murit \u00een aceast\u0103 perioad\u0103, iar mai mult de 14 milioane au fost nevoi\u021bi s\u0103 \u00ee\u0219i abandoneze locuin\u021bele.<\/p>\n<p>Criza generat\u0103 de acest conflict a dus la apari\u021bia epidemii \u0219i a provocat foamete \u00een unele regiuni ale \u021b\u0103rii, amplific\u00e2nd suferin\u021ba popula\u021biei afectate.<\/p>\n","protected":false},"excerpt":{"rendered":"<p>Conform re\u021belei de medici din Sudan, un atac devastator a avut loc s\u00e2mb\u0103t\u0103, c\u00e2nd grupul paramilitar Rapid Support Forces (RSF) a atacat un vehicul ce transporta familii str\u0103mutate, conform informa\u021biilor furnizate de Sky News. \u00cen urma acestui incident, 24 de persoane \u0219i-au pierdut via\u021ba, printre care se num\u0103r\u0103 \u0219i opt copii, inclusiv doi copii mici. [&hellip;]<\/p>\n","protected":false},"author":2,"featured_media":1859,"comment_status":"open","ping_status":"open","sticky":false,"template":"","format":"standard","meta":{"jnews-multi-image_gallery":[],"jnews_single_post":[],"jnews_primary_category":[],"jnews_override_counter":[],"footnotes":""},"categories":[41],"tags":[914,1176,3151,3152,3154,3150,2847,3153],"class_list":["post-1858","post","type-post","status-publish","format-standard","has-post-thumbnail","hentry","category-externe","tag-atac","tag-copii","tag-familii-stramutate","tag-kordofanul-de-nord","tag-medicamente","tag-paramilitari","tag-sudan","tag-violente"],"_links":{"self":[{"href":"https:\/\/www.newsrecorder.ro\/app\/wp-json\/wp\/v2\/posts\/1858","targetHints":{"allow":["GET"]}}],"collection":[{"href":"https:\/\/www.newsrecorder.ro\/app\/wp-json\/wp\/v2\/posts"}],"about":[{"href":"https:\/\/www.newsrecorder.ro\/app\/wp-json\/wp\/v2\/types\/post"}],"author":[{"embeddable":true,"href":"https:\/\/www.newsrecorder.ro\/app\/wp-json\/wp\/v2\/users\/2"}],"replies":[{"embeddable":true,"href":"https:\/\/www.newsrecorder.ro\/app\/wp-json\/wp\/v2\/comments?post=1858"}],"version-history":[{"count":0,"href":"https:\/\/www.newsrecorder.ro\/app\/wp-json\/wp\/v2\/posts\/1858\/revisions"}],"wp:featuredmedia":[{"embeddable":true,"href":"https:\/\/www.newsrecorder.ro\/app\/wp-json\/wp\/v2\/media\/1859"}],"wp:attachment":[{"href":"https:\/\/www.newsrecorder.ro\/app\/wp-json\/wp\/v2\/media?parent=1858"}],"wp:term":[{"taxonomy":"category","embeddable":true,"href":"https:\/\/www.newsrecorder.ro\/app\/wp-json\/wp\/v2\/categories?post=1858"},{"taxonomy":"post_tag","embeddable":true,"href":"https:\/\/www.newsrecorder.ro\/app\/wp-json\/wp\/v2\/tags?post=1858"}],"curies":[{"name":"wp","href":"https:\/\/api.w.org\/{rel}","templated":true}]}}