{"id":1864,"date":"2026-02-08T00:51:31","date_gmt":"2026-02-08T00:51:31","guid":{"rendered":"https:\/\/www.newsrecorder.ro\/app\/2026\/02\/08\/avertizari-meteo-ploi-vant-puternic-si-ninsori-viscolite-harta-inclusa\/"},"modified":"2026-02-08T00:51:31","modified_gmt":"2026-02-08T00:51:31","slug":"avertizari-meteo-ploi-vant-puternic-si-ninsori-viscolite-harta-inclusa","status":"publish","type":"post","link":"https:\/\/www.newsrecorder.ro\/app\/2026\/02\/08\/avertizari-meteo-ploi-vant-puternic-si-ninsori-viscolite-harta-inclusa\/","title":{"rendered":"Avertiz\u0103ri meteo: Ploi, v\u00e2nt puternic \u0219i ninsori viscolite! HART\u0102 inclus\u0103"},"content":{"rendered":"<p>\u00cen perioada 5 februarie, ora 10:00 \u2013 6 februarie, ora 10:00, meteorologii au emis o informare referitoare la precipita\u021bii moderate \u0219i intensific\u0103ri ale v\u00e2ntului pe \u00eentreg teritoriul \u021b\u0103rii.<\/p>\n<p>Astfel, se a\u0219teapt\u0103 precipita\u021bii \u00een majoritatea regiunilor, cu posibilitatea de lapovi\u021b\u0103 \u0219i ninsoare \u00een Moldova \u0219i estul Transilvaniei, \u00een noaptea de joi spre vineri, iar condi\u021biile de polei se men\u021bin. \u00cen zonele montane, la altitudini de peste 1500 m, ninsoarea va fi prevalent\u0103. \u00cen sudul \u0219i estul \u021b\u0103rii, cantit\u0103\u021bile de ap\u0103 vor varia \u00eentre 10 \u0219i 20 l\/mp, iar \u00een nord-estul Munteniei \u0219i sudul Moldovei se vor acumula \u00eentre 25 \u0219i 35 l\/mp.<\/p>\n<p>Intensific\u0103rile v\u00e2ntului vor afecta regiunile sud-vestice \u0219i estice, dar \u0219i zone restr\u00e2nse din restul \u021b\u0103rii, cu viteze cuprinse \u00eentre 40 \u0219i 50 km\/h. Pe crestele montane, rafalele vor dep\u0103\u0219i 80-90 km\/h.<\/p>\n<p><strong>Avertiz\u0103ri Cod galben pentru ploi, ninsori viscolite \u0219i v\u00e2nt puternic<\/strong><\/p>\n<p>Meteorologii au emis, de asemenea, dou\u0103 avertiz\u0103ri Cod galben.<\/p>\n<p><strong>Prima avertizare<\/strong> este valabil\u0103 tot \u00een perioada 5 februarie, ora 10:00 \u2013 6 februarie, ora 10:00. Aceasta preconizeaz\u0103 precipita\u021bii semnificative, cu ninsori viscolite \u00een zonele montane \u0219i acumul\u0103ri de z\u0103pad\u0103.<\/p>\n<p>Conform ANM, \u201e\u00een jude\u021bele Prahova, Buz\u0103u \u0219i Vrancea, se vor \u00eenregistra ploi cu acumul\u0103ri de 25-35 l\/mp, iar local, peste 40-50 l\/mp. \u00cen zonele montane din jude\u021bele Arge\u0219, D\u00e2mbovi\u021ba, Prahova, Buz\u0103u, Vrancea, Bra\u0219ov \u0219i Covasna, la altitudini de peste 1500 m, vor fi precipita\u021bii predominant sub form\u0103 de ninsoare, cu un strat nou de z\u0103pad\u0103 de 15-30 cm (echivalentul \u00een ap\u0103 de 20-30 l\/mp). V\u00e2ntul va avea intensific\u0103ri temporare, cu rafale de 90-100 km\/h, viscolind ninsoarea \u0219i reduc\u00e2nd vizibilitatea sub 100 m.\u201d<\/p>\n<p><strong>Cea de-a doua avertizare Cod galben<\/strong> se refer\u0103 la v\u00e2nt puternic \u0219i este valabil\u0103 pe 5 februarie, \u00eentre orele 10:00 \u0219i 20:00.<\/p>\n<p>Aceasta vizeaz\u0103 \u00een special jude\u021bul Cara\u0219-Severin \u0219i, local, jude\u021bul Timi\u0219. \u00cen aceste regiuni, v\u00e2ntul va avea intensific\u0103ri cu viteze \u00eentre 50 \u0219i 70 km\/h, iar \u00een Mun\u021bii Banatului \u0219i \u00een zona \u00eenalt\u0103 din vestul Carpa\u021bilor Meridionali, rafalele vor atinge 90-100 km\/h, viscolind z\u0103pada c\u0103zut\u0103, conform avertiz\u0103rilor ANM.<\/p>\n","protected":false},"excerpt":{"rendered":"<p>\u00cen perioada 5 februarie, ora 10:00 \u2013 6 februarie, ora 10:00, meteorologii au emis o informare referitoare la precipita\u021bii moderate \u0219i intensific\u0103ri ale v\u00e2ntului pe \u00eentreg teritoriul \u021b\u0103rii. Astfel, se a\u0219teapt\u0103 precipita\u021bii \u00een majoritatea regiunilor, cu posibilitatea de lapovi\u021b\u0103 \u0219i ninsoare \u00een Moldova \u0219i estul Transilvaniei, \u00een noaptea de joi spre vineri, iar condi\u021biile de [&hellip;]<\/p>\n","protected":false},"author":5,"featured_media":1865,"comment_status":"open","ping_status":"open","sticky":false,"template":"","format":"standard","meta":{"jnews-multi-image_gallery":[],"jnews_single_post":[],"jnews_primary_category":[],"jnews_override_counter":[],"footnotes":""},"categories":[45],"tags":[147,3161,871,743,136,135,263,137],"class_list":["post-1864","post","type-post","status-publish","format-standard","has-post-thumbnail","hentry","category-meteo","tag-avertizari","tag-meteorologi","tag-moldova","tag-ninsoare","tag-polei","tag-precipitatii","tag-transilvania","tag-vant"],"_links":{"self":[{"href":"https:\/\/www.newsrecorder.ro\/app\/wp-json\/wp\/v2\/posts\/1864","targetHints":{"allow":["GET"]}}],"collection":[{"href":"https:\/\/www.newsrecorder.ro\/app\/wp-json\/wp\/v2\/posts"}],"about":[{"href":"https:\/\/www.newsrecorder.ro\/app\/wp-json\/wp\/v2\/types\/post"}],"author":[{"embeddable":true,"href":"https:\/\/www.newsrecorder.ro\/app\/wp-json\/wp\/v2\/users\/5"}],"replies":[{"embeddable":true,"href":"https:\/\/www.newsrecorder.ro\/app\/wp-json\/wp\/v2\/comments?post=1864"}],"version-history":[{"count":0,"href":"https:\/\/www.newsrecorder.ro\/app\/wp-json\/wp\/v2\/posts\/1864\/revisions"}],"wp:featuredmedia":[{"embeddable":true,"href":"https:\/\/www.newsrecorder.ro\/app\/wp-json\/wp\/v2\/media\/1865"}],"wp:attachment":[{"href":"https:\/\/www.newsrecorder.ro\/app\/wp-json\/wp\/v2\/media?parent=1864"}],"wp:term":[{"taxonomy":"category","embeddable":true,"href":"https:\/\/www.newsrecorder.ro\/app\/wp-json\/wp\/v2\/categories?post=1864"},{"taxonomy":"post_tag","embeddable":true,"href":"https:\/\/www.newsrecorder.ro\/app\/wp-json\/wp\/v2\/tags?post=1864"}],"curies":[{"name":"wp","href":"https:\/\/api.w.org\/{rel}","templated":true}]}}