{"id":1892,"date":"2026-02-08T00:54:59","date_gmt":"2026-02-08T00:54:59","guid":{"rendered":"https:\/\/www.newsrecorder.ro\/app\/2026\/02\/08\/buzoianu-blocajul-pensiilor-speciale-ne-costa-sute-de-milioane-de-euro\/"},"modified":"2026-02-08T00:54:59","modified_gmt":"2026-02-08T00:54:59","slug":"buzoianu-blocajul-pensiilor-speciale-ne-costa-sute-de-milioane-de-euro","status":"publish","type":"post","link":"https:\/\/www.newsrecorder.ro\/app\/2026\/02\/08\/buzoianu-blocajul-pensiilor-speciale-ne-costa-sute-de-milioane-de-euro\/","title":{"rendered":"Buzoianu: Blocajul pensiilor speciale ne cost\u0103 sute de milioane de euro!"},"content":{"rendered":"<p class=\"font-claude-response-body break-words whitespace-normal leading-[1.7]\">Recent, declara\u021biile Dianei Buzoianu au fost f\u0103cute \u00een contextul scrisorii adresate Cur\u021bii Constitu\u021bionale de c\u0103tre Ilie Bolojan.<\/p>\n<p class=\"font-claude-response-body break-words whitespace-normal leading-[1.7]\">\u00centr-o apari\u021bie la B1 TV, Buzoianu a eviden\u021biat c\u0103 opinia public\u0103 este clar\u0103 \u00een leg\u0103tur\u0103 cu necesitatea reformei sistemului pensiilor speciale. \u201eEste cu at\u00e2t mai revolt\u0103tor cu c\u00e2t un procent semnificativ din rom\u00e2ni \u00ee\u0219i doresc aceast\u0103 reform\u0103. Este esen\u021bial ca sistemul judiciar \u0219i conduc\u0103torii acestuia s\u0103 \u00een\u021beleag\u0103 c\u0103 nu pot continua s\u0103 se izoleze \u0219i c\u0103 fiecare critic\u0103 nu ar trebui s\u0103 fie perceput\u0103 ca o presiune\u201d, a afirmat ministra Mediului.<\/p>\n<p class=\"font-claude-response-body break-words whitespace-normal leading-[1.7]\">Buzoianu a subliniat c\u0103 exist\u0103 o presiune public\u0103 legitim\u0103, care are rolul de a aduce \u00een discu\u021bie subiecte importante. \u201eDiscu\u021bia despre pensiile speciale genereaz\u0103 o presiune din partea cet\u0103\u021benilor, dar este o presiune constructiv\u0103, pozitiv\u0103, prin care oamenii \u00eencearc\u0103 s\u0103 contribuie la binele \u021b\u0103rii noastre\u201d, a explicat aceasta.<\/p>\n<p><strong>Impactul blocajului de la CCR<\/strong><\/p>\n<p class=\"font-claude-response-body break-words whitespace-normal leading-[1.7]\">Ministra Mediului a avertizat c\u0103 stagnarea de la Curtea Constitu\u021bional\u0103 \u00een ceea ce prive\u0219te pensiile speciale are repercusiuni financiare majore pentru Rom\u00e2nia. \u201eAcest blocaj ne cost\u0103 pe to\u021bi, estim\u0103rile ar\u0103t\u00e2nd c\u0103 pierderile se ridic\u0103 la sute de milioane de euro, inclusiv amenzile ce vor fi impuse de Comisia European\u0103 prin PNRR, dac\u0103 nu respect\u0103m acest jalon\u201d, a afirmat Buzoianu.<\/p>\n<p class=\"font-claude-response-body break-words whitespace-normal leading-[1.7]\">Ea a subliniat c\u0103 vorbim despre sume considerabile care lipsesc \u00een acest moment. \u201eEste vorba despre resurse financiare pe care le-am putea redirec\u021biona c\u0103tre persoanele vulnerabile, iar acum avem de-a face cu sume mari care risc\u0103 s\u0103 fie pierdute\u201d, a ad\u0103ugat ministra.<\/p>\n<p class=\"font-claude-response-body break-words whitespace-normal leading-[1.7]\">Buzoianu a continuat subliniind c\u0103 Rom\u00e2nia va fi penalizat\u0103 din cauza refuzului a 4-5 persoane de a se prezenta la munc\u0103. \u201eAce\u0219tia pl\u0103tesc pentru dreptul lor fundamental de a beneficia de privilegii care dep\u0103\u0219esc cu mult ceea ce prime\u0219te 90% din popula\u021bia rom\u00e2n\u0103 \u00een materie de pensii\u201d, a declarat ea.<\/p>\n<p class=\"font-claude-response-body break-words whitespace-normal leading-[1.7]\">\u00cen \u00eencheiere, Diana Buzoianu a subliniat importan\u021ba responsabilit\u0103\u021bii \u0219i impactul negativ pe care blocajul de la Curtea Constitu\u021bional\u0103 \u00eel are asupra finan\u021belor publice privind pensiile speciale.<\/p>\n","protected":false},"excerpt":{"rendered":"<p>Recent, declara\u021biile Dianei Buzoianu au fost f\u0103cute \u00een contextul scrisorii adresate Cur\u021bii Constitu\u021bionale de c\u0103tre Ilie Bolojan. \u00centr-o apari\u021bie la B1 TV, Buzoianu a eviden\u021biat c\u0103 opinia public\u0103 este clar\u0103 \u00een leg\u0103tur\u0103 cu necesitatea reformei sistemului pensiilor speciale. \u201eEste cu at\u00e2t mai revolt\u0103tor cu c\u00e2t un procent semnificativ din rom\u00e2ni \u00ee\u0219i doresc aceast\u0103 reform\u0103. Este [&hellip;]<\/p>\n","protected":false},"author":2,"featured_media":1893,"comment_status":"open","ping_status":"open","sticky":false,"template":"","format":"standard","meta":{"jnews-multi-image_gallery":[],"jnews_single_post":[],"jnews_primary_category":[],"jnews_override_counter":[],"footnotes":""},"categories":[42],"tags":[3177,2246,3172,302,3174,3175,3173,3176],"class_list":["post-1892","post","type-post","status-publish","format-standard","has-post-thumbnail","hentry","category-politica","tag-binele-tarii","tag-curtea-constitutionala","tag-diana-buzoianu","tag-ilie-bolojan","tag-opinia-publica","tag-presiune-publica","tag-reforma-pensiilor-speciale","tag-sistem-judiciar"],"_links":{"self":[{"href":"https:\/\/www.newsrecorder.ro\/app\/wp-json\/wp\/v2\/posts\/1892","targetHints":{"allow":["GET"]}}],"collection":[{"href":"https:\/\/www.newsrecorder.ro\/app\/wp-json\/wp\/v2\/posts"}],"about":[{"href":"https:\/\/www.newsrecorder.ro\/app\/wp-json\/wp\/v2\/types\/post"}],"author":[{"embeddable":true,"href":"https:\/\/www.newsrecorder.ro\/app\/wp-json\/wp\/v2\/users\/2"}],"replies":[{"embeddable":true,"href":"https:\/\/www.newsrecorder.ro\/app\/wp-json\/wp\/v2\/comments?post=1892"}],"version-history":[{"count":0,"href":"https:\/\/www.newsrecorder.ro\/app\/wp-json\/wp\/v2\/posts\/1892\/revisions"}],"wp:featuredmedia":[{"embeddable":true,"href":"https:\/\/www.newsrecorder.ro\/app\/wp-json\/wp\/v2\/media\/1893"}],"wp:attachment":[{"href":"https:\/\/www.newsrecorder.ro\/app\/wp-json\/wp\/v2\/media?parent=1892"}],"wp:term":[{"taxonomy":"category","embeddable":true,"href":"https:\/\/www.newsrecorder.ro\/app\/wp-json\/wp\/v2\/categories?post=1892"},{"taxonomy":"post_tag","embeddable":true,"href":"https:\/\/www.newsrecorder.ro\/app\/wp-json\/wp\/v2\/tags?post=1892"}],"curies":[{"name":"wp","href":"https:\/\/api.w.org\/{rel}","templated":true}]}}