{"id":1918,"date":"2026-02-08T00:57:56","date_gmt":"2026-02-08T00:57:56","guid":{"rendered":"https:\/\/www.newsrecorder.ro\/app\/2026\/02\/08\/incendiile-dezvaluie-ramasite-umane-de-acum-6000-de-ani\/"},"modified":"2026-02-08T00:57:56","modified_gmt":"2026-02-08T00:57:56","slug":"incendiile-dezvaluie-ramasite-umane-de-acum-6000-de-ani","status":"publish","type":"post","link":"https:\/\/www.newsrecorder.ro\/app\/2026\/02\/08\/incendiile-dezvaluie-ramasite-umane-de-acum-6000-de-ani\/","title":{"rendered":"Incendiile dezv\u0103luie r\u0103m\u0103\u0219i\u021be umane de acum 6000 de ani!"},"content":{"rendered":"<p>Ken Stewart, director executiv al patrimoniului cultural al primelor popula\u021bii din Millewa Mallee, a subliniat impactul c\u0103ldurii asupra eroziunii \u0219i furtunilor de praf, conform unui articol publicat de <a href=\"https:\/\/www.abc.net.au\/news\/2026-02-08\/heat-fires-expose-ancestral-remains-in-victorian-mallee\/106304308\" target=\"_blank\" rel=\"noopener\">ABC<\/a>.<\/p>\n<p>\u201e\u00cen condi\u021bii de secet\u0103, p\u0103m\u00e2ntul \u00eencepe s\u0103 se mi\u0219te\u201d, a explicat Stewart. \u201eAceasta este cauza expunerii semnificative a r\u0103m\u0103\u0219i\u021belor umane din trecut. Acum, trebuie s\u0103 ne asigur\u0103m c\u0103 aceste r\u0103m\u0103\u0219i\u021be sunt protejate \u0219i acoperite din nou.\u201d<\/p>\n<p>El a subliniat importan\u021ba replant\u0103rii copacilor pentru a \u00eent\u0103ri solul, \u00een special dac\u0103 temperaturile continu\u0103 s\u0103 creasc\u0103 \u00een fiecare var\u0103, iar secetele devin o constant\u0103. \u201cLa \u00eentoarcerea din Adelaide, am trecut prin dou\u0103 furtuni de praf\u201d, a ad\u0103ugat el.<\/p>\n<p>\u00cen ceea ce prive\u0219te vechimea r\u0103m\u0103\u0219i\u021belor, Stewart, membru al tribului Wamba Wamba, a men\u021bionat c\u0103 determinarea exact\u0103 a v\u00e2rstei este o provocare, dar a confirmat c\u0103 peisajul din col\u021bul de nord-vest al statului Victoria are o vechime estimat\u0103 \u00eentre 3.000 \u0219i 6.000 de ani.<\/p>\n<p>\u201eEste foarte complicat s\u0103 facem aceast\u0103 evaluare, dec\u00e2t prin metode \u0219tiin\u021bifice, cum ar fi datarea cu carbon, care, din p\u0103cate, nu este acceptat\u0103 de popula\u021bia indigen\u0103 pentru r\u0103m\u0103\u0219i\u021bele str\u0103mo\u0219ilor\u201d, a explicat el.<\/p>\n<p>Recent, o parcel\u0103 cu r\u0103m\u0103\u0219i\u021be ancestrale a fost descoperit\u0103 \u00een urma unui incendiu de vegeta\u021bie \u00een Parcul Na\u021bional Wyperfeld, \u00een luna ianuarie. Stewart a men\u021bionat c\u0103 alte cinci situri sunt situate \u00een zona Millewa Mallee, pe terenuri private \u0219i publice.<\/p>\n<p>Atunci c\u00e2nd r\u0103m\u0103\u0219i\u021bele sunt g\u0103site, procedura standard prevede contactarea medicului legist. Odat\u0103 ce acesta a confirmat c\u0103 r\u0103m\u0103\u0219i\u021bele sunt ancestrale, grupurile de proprietari tradi\u021bionali pot \u00eencepe procesul de protejare \u0219i \u00eenregistrare a acestora.<\/p>\n<p>\u201eNu le atingem; \u00eencepem s\u0103 le acoperim pentru a le men\u021bine pe teritoriul \u021b\u0103rii\u201d, a afirmat Stewart. \u201eUneori le \u00eemprejmuim, alteori nu. Poate fi la fel de simplu precum acoperirea cu p\u0103m\u00e2nt sau, \u00een cazul Lacului Victoria, utilizarea unor saci de nisip pentru a le proteja \u0219i a preveni eroziunea.\u201d<\/p>\n","protected":false},"excerpt":{"rendered":"<p>Ken Stewart, director executiv al patrimoniului cultural al primelor popula\u021bii din Millewa Mallee, a subliniat impactul c\u0103ldurii asupra eroziunii \u0219i furtunilor de praf, conform unui articol publicat de ABC. \u201e\u00cen condi\u021bii de secet\u0103, p\u0103m\u00e2ntul \u00eencepe s\u0103 se mi\u0219te\u201d, a explicat Stewart. \u201eAceasta este cauza expunerii semnificative a r\u0103m\u0103\u0219i\u021belor umane din trecut. Acum, trebuie s\u0103 ne [&hellip;]<\/p>\n","protected":false},"author":2,"featured_media":1919,"comment_status":"open","ping_status":"open","sticky":false,"template":"","format":"standard","meta":{"jnews-multi-image_gallery":[],"jnews_single_post":[],"jnews_primary_category":[],"jnews_override_counter":[],"footnotes":""},"categories":[39],"tags":[3235,3236,1009,3238,3237,1641,739,3239],"class_list":["post-1918","post","type-post","status-publish","format-standard","has-post-thumbnail","hentry","category-stirile-zilei","tag-eroziune","tag-furtuni-de-praf","tag-patrimoniu-cultural","tag-ramasite-umane","tag-replantare","tag-schimbari-climatice","tag-seceta","tag-trib-wamba-wamba"],"_links":{"self":[{"href":"https:\/\/www.newsrecorder.ro\/app\/wp-json\/wp\/v2\/posts\/1918","targetHints":{"allow":["GET"]}}],"collection":[{"href":"https:\/\/www.newsrecorder.ro\/app\/wp-json\/wp\/v2\/posts"}],"about":[{"href":"https:\/\/www.newsrecorder.ro\/app\/wp-json\/wp\/v2\/types\/post"}],"author":[{"embeddable":true,"href":"https:\/\/www.newsrecorder.ro\/app\/wp-json\/wp\/v2\/users\/2"}],"replies":[{"embeddable":true,"href":"https:\/\/www.newsrecorder.ro\/app\/wp-json\/wp\/v2\/comments?post=1918"}],"version-history":[{"count":0,"href":"https:\/\/www.newsrecorder.ro\/app\/wp-json\/wp\/v2\/posts\/1918\/revisions"}],"wp:featuredmedia":[{"embeddable":true,"href":"https:\/\/www.newsrecorder.ro\/app\/wp-json\/wp\/v2\/media\/1919"}],"wp:attachment":[{"href":"https:\/\/www.newsrecorder.ro\/app\/wp-json\/wp\/v2\/media?parent=1918"}],"wp:term":[{"taxonomy":"category","embeddable":true,"href":"https:\/\/www.newsrecorder.ro\/app\/wp-json\/wp\/v2\/categories?post=1918"},{"taxonomy":"post_tag","embeddable":true,"href":"https:\/\/www.newsrecorder.ro\/app\/wp-json\/wp\/v2\/tags?post=1918"}],"curies":[{"name":"wp","href":"https:\/\/api.w.org\/{rel}","templated":true}]}}