{"id":1920,"date":"2026-02-08T00:58:12","date_gmt":"2026-02-08T00:58:12","guid":{"rendered":"https:\/\/www.newsrecorder.ro\/app\/2026\/02\/08\/o-bacterie-oculara-comuna-posibila-cauza-a-alzheimerului\/"},"modified":"2026-02-08T00:58:12","modified_gmt":"2026-02-08T00:58:12","slug":"o-bacterie-oculara-comuna-posibila-cauza-a-alzheimerului","status":"publish","type":"post","link":"https:\/\/www.newsrecorder.ro\/app\/2026\/02\/08\/o-bacterie-oculara-comuna-posibila-cauza-a-alzheimerului\/","title":{"rendered":"O bacterie ocular\u0103 comun\u0103: posibila cauz\u0103 a Alzheimerului!"},"content":{"rendered":"<p class=\"font-claude-response-body break-words whitespace-normal leading-[1.7]\">Bacteria Chlamydia pneumoniae este mai frecvent\u0103 dec\u00e2t ne-am a\u0219tepta, afect\u00e2nd aproximativ 80% dintre adul\u021bi la un moment dat \u00een via\u021b\u0103. De obicei, infec\u021bia este benign\u0103, provoc\u00e2nd simptome precum dureri \u00een g\u00e2t, oboseal\u0103 \u0219i secre\u021bii nazale, conform informa\u021biilor publicate de Daily Mail.<\/p>\n<p class=\"font-claude-response-body break-words whitespace-normal leading-[1.7]\">Cu toate acestea, \u00een cazul persoanelor vulnerabile, cum ar fi copiii mici \u0219i v\u00e2rstnicii, infec\u021bia poate evolua spre forme mai severe, inclusiv pneumonie.<\/p>\n<p><strong>Bacterie detectat\u0103 \u00een ochii pacien\u021bilor cu Alzheimer<\/strong><\/p>\n<p class=\"font-claude-response-body break-words whitespace-normal leading-[1.7]\">Cercet\u0103torii au descoperit recent urme ale bacteriei Chlamydia pneumoniae \u00een ochii pacien\u021bilor care au decedat din cauza bolii Alzheimer. Aceast\u0103 descoperire deschide noi \u00eentreb\u0103ri cu privire la posibila influen\u021b\u0103 a infec\u021biei asupra dezvolt\u0103rii sau agrav\u0103rii bolii neurodegenerative.<\/p>\n<p class=\"font-claude-response-body break-words whitespace-normal leading-[1.7]\">Speciali\u0219tii de la Centrul Medical Cedars-Sinai din Los Angeles sugereaz\u0103 c\u0103 un tratament prompt cu antibiotice, atunci c\u00e2nd se identific\u0103 infec\u021bia, ar putea contribui la reducerea riscului de demen\u021b\u0103 \u00een viitor.<\/p>\n<p class=\"font-claude-response-body break-words whitespace-normal leading-[1.7]\">Aceast\u0103 cercetare este cu at\u00e2t mai relevant\u0103 cu c\u00e2t, conform datelor de supraveghere europene, inciden\u021ba Chlamydia pneumoniae a crescut semnificativ \u00een 2024, de la aproximativ cinci cazuri la 1.000 de teste la aproape 17 cazuri la 1.000 \u00eentr-un singur an.<\/p>\n<p><strong>Metodologia descoperirii<\/strong><\/p>\n<p class=\"font-claude-response-body break-words whitespace-normal leading-[1.7]\">Echipa de cercetare a analizat \u021besutul ocular donat de peste 100 de persoane care au decedat din cauza Alzheimer, a unor tulbur\u0103ri cognitive u\u0219oare sau f\u0103r\u0103 semne de demen\u021b\u0103. Scopul a fost de a identifica prezen\u021ba bacteriei Chlamydia pneumoniae, av\u00e2nd \u00een vedere asocierea anterioar\u0103 dintre aceasta \u0219i Alzheimer.<\/p>\n<p class=\"font-claude-response-body break-words whitespace-normal leading-[1.7]\">Bacteria a fost, de asemenea, identificat\u0103 \u00een \u021besutul cerebral al pacien\u021bilor deceda\u021bi, fiind adesea localizat\u0103 \u00een apropierea pl\u0103cilor de beta-amiloid, care sunt suspectate de provocarea pierderii memoriei \u0219i a confuziei. Spre deosebire de multe alte bacterii, Chlamydia pneumoniae are capacitatea de a se adapta \u0219i de a supravie\u021bui \u00een interiorul celulelor umane, ceea ce \u00eei permite s\u0103 evite sistemul imunitar \u0219i s\u0103 provoace inflama\u021bii d\u0103un\u0103toare pe termen lung.<\/p>\n<p><strong>Concentrarea bacterian\u0103 \u00een retin\u0103 \u0219i creier<\/strong><\/p>\n<p class=\"font-claude-response-body break-words whitespace-normal leading-[1.7]\">Cercet\u0103torii au c\u0103utat dovezi ale infec\u021biei \u00een retin\u0103, stratul sensibil la lumin\u0103 al ochiului, care este considerat o extensie a creierului. A\u0219adar, dac\u0103 bacteria ar putea fi identificat\u0103 \u0219i \u00een retin\u0103, ar exista posibilitatea de a dezvolta teste non-invazive pentru a evalua riscul de Alzheimer \u00een r\u00e2ndul pacien\u021bilor.<\/p>\n<p class=\"font-claude-response-body break-words whitespace-normal leading-[1.7]\">Rezultatele au ar\u0103tat c\u0103 nivelurile de Chlamydia pneumoniae erau semnificativ mai ridicate \u00een retin\u0103 \u0219i creierul persoanelor cu Alzheimer comparativ cu cei cu func\u021bionare cognitiv\u0103 normal\u0103. Mai mult, o \u00eenc\u0103rc\u0103tur\u0103 bacterian\u0103 mai mare a fost corelat\u0103 cu modific\u0103ri cerebrale severe \u0219i un declin cognitiv accentuat observat la pacien\u021bi \u00eenainte de deces.<\/p>\n<p><strong>Studii pe celule \u0219i \u0219oareci<\/strong><\/p>\n<p class=\"font-claude-response-body break-words whitespace-normal leading-[1.7]\">Pentru a investiga dac\u0103 bacteria contribuie efectiv la dezvoltarea bolii Alzheimer, echipa a realizat experimente de laborator. Au infectat celule nervoase umane cu Chlamydia pneumoniae, observ\u00e2nd activarea c\u0103ilor inflamatorii asociate cu boala, \u0219i au constatat o cre\u0219tere a proteinelor legate de Alzheimer.<\/p>\n<p class=\"font-claude-response-body break-words whitespace-normal leading-[1.7]\">De asemenea, experimentele au fost repetate pe \u0219oareci modifica\u021bi genetic pentru a dezvolta simptome similare cu cele ale bolii Alzheimer, infect\u00e2ndu-i prin nas.<\/p>\n<p class=\"font-claude-response-body break-words whitespace-normal leading-[1.7]\">Maya Koronyo-Hamaoui, profesor de neurochirurgie la Cedars-Sinai, a declarat: \u201eOchiul este un substitut al creierului, iar acest studiu subliniaz\u0103 c\u0103 infec\u021bia bacterian\u0103 a retinei \u0219i inflama\u021bia cronic\u0103 pot reflecta patologia cerebral\u0103.\u201d<\/p>\n<p class=\"font-claude-response-body break-words whitespace-normal leading-[1.7]\">Timothy Crother, unul dintre autorii studiului, a ad\u0103ugat: \u201eAceast\u0103 descoperire deschide calea pentru a viza axa infec\u021bie-inflama\u021bie \u00een tratamentele pentru Alzheimer.\u201d<\/p>\n<p class=\"font-claude-response-body break-words whitespace-normal leading-[1.7]\">Boala Alzheimer afecteaz\u0103 milioane de oameni \u00een Statele Unite, peste \u0219apte milioane de americani cu v\u00e2rsta de peste 65 de ani fiind diagnostica\u021bi cu aceast\u0103 afec\u021biune. \u00cen Marea Britanie, aproximativ 982.000 de persoane tr\u0103iesc cu demen\u021b\u0103, iar estim\u0103rile arat\u0103 c\u0103 acest num\u0103r ar putea cre\u0219te la 1,4 milioane p\u00e2n\u0103 \u00een 2040.<\/p>\n","protected":false},"excerpt":{"rendered":"<p>Bacteria Chlamydia pneumoniae este mai frecvent\u0103 dec\u00e2t ne-am a\u0219tepta, afect\u00e2nd aproximativ 80% dintre adul\u021bi la un moment dat \u00een via\u021b\u0103. De obicei, infec\u021bia este benign\u0103, provoc\u00e2nd simptome precum dureri \u00een g\u00e2t, oboseal\u0103 \u0219i secre\u021bii nazale, conform informa\u021biilor publicate de Daily Mail. Cu toate acestea, \u00een cazul persoanelor vulnerabile, cum ar fi copiii mici \u0219i v\u00e2rstnicii, [&hellip;]<\/p>\n","protected":false},"author":2,"featured_media":1921,"comment_status":"open","ping_status":"open","sticky":false,"template":"","format":"standard","meta":{"jnews-multi-image_gallery":[],"jnews_single_post":[],"jnews_primary_category":[],"jnews_override_counter":[],"footnotes":""},"categories":[39],"tags":[3244,3245,3241,3240,2531,3243,3242,2530],"class_list":["post-1920","post","type-post","status-publish","format-standard","has-post-thumbnail","hentry","category-stirile-zilei","tag-alzheimer","tag-antibiotice","tag-bacterie","tag-chlamydia-pneumoniae","tag-infectie","tag-pneumonie","tag-simptome","tag-tratament"],"_links":{"self":[{"href":"https:\/\/www.newsrecorder.ro\/app\/wp-json\/wp\/v2\/posts\/1920","targetHints":{"allow":["GET"]}}],"collection":[{"href":"https:\/\/www.newsrecorder.ro\/app\/wp-json\/wp\/v2\/posts"}],"about":[{"href":"https:\/\/www.newsrecorder.ro\/app\/wp-json\/wp\/v2\/types\/post"}],"author":[{"embeddable":true,"href":"https:\/\/www.newsrecorder.ro\/app\/wp-json\/wp\/v2\/users\/2"}],"replies":[{"embeddable":true,"href":"https:\/\/www.newsrecorder.ro\/app\/wp-json\/wp\/v2\/comments?post=1920"}],"version-history":[{"count":0,"href":"https:\/\/www.newsrecorder.ro\/app\/wp-json\/wp\/v2\/posts\/1920\/revisions"}],"wp:featuredmedia":[{"embeddable":true,"href":"https:\/\/www.newsrecorder.ro\/app\/wp-json\/wp\/v2\/media\/1921"}],"wp:attachment":[{"href":"https:\/\/www.newsrecorder.ro\/app\/wp-json\/wp\/v2\/media?parent=1920"}],"wp:term":[{"taxonomy":"category","embeddable":true,"href":"https:\/\/www.newsrecorder.ro\/app\/wp-json\/wp\/v2\/categories?post=1920"},{"taxonomy":"post_tag","embeddable":true,"href":"https:\/\/www.newsrecorder.ro\/app\/wp-json\/wp\/v2\/tags?post=1920"}],"curies":[{"name":"wp","href":"https:\/\/api.w.org\/{rel}","templated":true}]}}