{"id":1940,"date":"2026-02-08T12:32:07","date_gmt":"2026-02-08T12:32:07","guid":{"rendered":"https:\/\/www.newsrecorder.ro\/app\/2026\/02\/08\/oana-toiu-la-londra-intalniri-cu-oficiali-britanici-si-romani\/"},"modified":"2026-02-08T12:32:07","modified_gmt":"2026-02-08T12:32:07","slug":"oana-toiu-la-londra-intalniri-cu-oficiali-britanici-si-romani","status":"publish","type":"post","link":"https:\/\/www.newsrecorder.ro\/app\/2026\/02\/08\/oana-toiu-la-londra-intalniri-cu-oficiali-britanici-si-romani\/","title":{"rendered":"Oana \u021aoiu, la Londra: \u00cent\u00e2lniri cu oficiali britanici \u0219i rom\u00e2ni!"},"content":{"rendered":"<p style=\"text-align: left\">Vizita de lucru a \u015fefei diploma\u0163iei rom\u00e2ne, Oana \u021aoiu, se desf\u0103\u015foar\u0103 luni \u015fi mar\u0163i, av\u00e2nd ca scop \u00eent\u0103rirea dialogului politic \u015fi a colabor\u0103rii bilaterale \u00eentre Rom\u00e2nia \u015fi Regatul Unit, un partener strategic esen\u0163ial pentru \u0163ara noastr\u0103.<\/p>\n<p style=\"text-align: left\">\u00cen cadrul acestei vizite, Oana \u021aoiu se va \u00eent\u00e2lni cu omologul s\u0103u britanic, Yvette Cooper, pentru a discuta despre consolidarea rela\u0163iilor bilaterale. Printre subiectele de interes se num\u0103r\u0103 colaborarea economic\u0103, sprijinul pentru Ucraina, precum \u015fi probleme legate de securitatea regional\u0103 \u015fi euroatlantic\u0103, conform unui comunicat al <a href=\"https:\/\/www.mae.ro\/\" target=\"_blank\" rel=\"noopener\">Ministerului de Externe<\/a>.<\/p>\n<p style=\"text-align: left\">Un alt punct important pe agenda ministrului este \u00eent\u00e2lnirea cu membrii grupului interparlamentar pentru Rom\u00e2nia din Parlamentul britanic. Aceast\u0103 discu\u0163ie va viza o cooperare mai str\u00e2ns\u0103 \u00eentre legislatorii din cele dou\u0103 \u0163\u0103ri, subliniind importan\u0163a rela\u0163iilor interparlamentare.<\/p>\n<p style=\"text-align: left\">Programul vizitei include, de asemenea, o \u00eent\u00e2lnire cu reprezentan\u0163ii comunit\u0103\u0163ii rom\u00e2ne\u015fti din Londra, oferind o oportunitate de a aborda problemele \u015fi priorit\u0103\u0163ile rom\u00e2nilor stabili\u0163i \u00een Regatul Unit.<\/p>\n<p style=\"text-align: left\">Pe agenda academic\u0103, Oana \u021aoiu va vizita Universitatea Oxford, unde este \u00eenfiin\u0163at un Lectorat de limba rom\u00e2n\u0103, sus\u0163inut de Guvernul Rom\u00e2niei. De asemenea, va participa la o dezbatere la Colegiul Trinity, av\u00e2nd ca teme politica extern\u0103, crizele actuale \u015fi rolul Rom\u00e2niei \u00een fortificarea securit\u0103\u0163ii regionale.<\/p>\n<p style=\"text-align: left\">La prestigiosul centru britanic de analiz\u0103 Chatham House, ministrul rom\u00e2n va prezenta pozi\u0163ia Rom\u00e2niei cu privire la securitatea european\u0103, amenin\u0163\u0103rile hibride \u015fi \u00eent\u0103rirea capacit\u0103\u0163ii de reac\u0163ie la nivel regional \u015fi transatlantic. Totodat\u0103, Oana \u021aoiu va lua parte la conferin\u0163a \u201eLondon: Capital, Infrastructure, and Energy Security\u201d, organizat\u0103 de Ambasada Rom\u00e2niei la Londra.<\/p>\n<p style=\"text-align: left\">Ministerul Afacerilor Externe subliniaz\u0103 c\u0103 \u201evizita are ca obiectiv consolidarea rela\u0163iilor cu Regatul Unit \u015fi dialogul cu rom\u00e2nii din diaspora\u201d, reafirm\u00e2nd astfel angajamentul Rom\u00e2niei pentru un dialog deschis, cooperare \u015fi parteneriate solide.<\/p>\n","protected":false},"excerpt":{"rendered":"<p>Vizita de lucru a \u015fefei diploma\u0163iei rom\u00e2ne, Oana \u021aoiu, se desf\u0103\u015foar\u0103 luni \u015fi mar\u0163i, av\u00e2nd ca scop \u00eent\u0103rirea dialogului politic \u015fi a colabor\u0103rii bilaterale \u00eentre Rom\u00e2nia \u015fi Regatul Unit, un partener strategic esen\u0163ial pentru \u0163ara noastr\u0103. \u00cen cadrul acestei vizite, Oana \u021aoiu se va \u00eent\u00e2lni cu omologul s\u0103u britanic, Yvette Cooper, pentru a discuta despre [&hellip;]<\/p>\n","protected":false},"author":2,"featured_media":1941,"comment_status":"open","ping_status":"open","sticky":false,"template":"","format":"standard","meta":{"jnews-multi-image_gallery":[],"jnews_single_post":[],"jnews_primary_category":[],"jnews_override_counter":[],"footnotes":""},"categories":[42],"tags":[3283,3115,314,3286,149,3284,3285,317],"class_list":["post-1940","post","type-post","status-publish","format-standard","has-post-thumbnail","hentry","category-politica","tag-colaborare-bilaterala","tag-oana-toiu","tag-regatul-unit","tag-relatii-interparlamentare","tag-romania","tag-securitate-regionala","tag-sprijin-pentru-ucraina","tag-yvette-cooper"],"_links":{"self":[{"href":"https:\/\/www.newsrecorder.ro\/app\/wp-json\/wp\/v2\/posts\/1940","targetHints":{"allow":["GET"]}}],"collection":[{"href":"https:\/\/www.newsrecorder.ro\/app\/wp-json\/wp\/v2\/posts"}],"about":[{"href":"https:\/\/www.newsrecorder.ro\/app\/wp-json\/wp\/v2\/types\/post"}],"author":[{"embeddable":true,"href":"https:\/\/www.newsrecorder.ro\/app\/wp-json\/wp\/v2\/users\/2"}],"replies":[{"embeddable":true,"href":"https:\/\/www.newsrecorder.ro\/app\/wp-json\/wp\/v2\/comments?post=1940"}],"version-history":[{"count":0,"href":"https:\/\/www.newsrecorder.ro\/app\/wp-json\/wp\/v2\/posts\/1940\/revisions"}],"wp:featuredmedia":[{"embeddable":true,"href":"https:\/\/www.newsrecorder.ro\/app\/wp-json\/wp\/v2\/media\/1941"}],"wp:attachment":[{"href":"https:\/\/www.newsrecorder.ro\/app\/wp-json\/wp\/v2\/media?parent=1940"}],"wp:term":[{"taxonomy":"category","embeddable":true,"href":"https:\/\/www.newsrecorder.ro\/app\/wp-json\/wp\/v2\/categories?post=1940"},{"taxonomy":"post_tag","embeddable":true,"href":"https:\/\/www.newsrecorder.ro\/app\/wp-json\/wp\/v2\/tags?post=1940"}],"curies":[{"name":"wp","href":"https:\/\/api.w.org\/{rel}","templated":true}]}}