{"id":1946,"date":"2026-02-08T12:32:44","date_gmt":"2026-02-08T12:32:44","guid":{"rendered":"https:\/\/www.newsrecorder.ro\/app\/2026\/02\/08\/un-roman-disparut-de-luni-bune-gasit-mort-la-cascadele-tre-santi\/"},"modified":"2026-02-08T12:32:44","modified_gmt":"2026-02-08T12:32:44","slug":"un-roman-disparut-de-luni-bune-gasit-mort-la-cascadele-tre-santi","status":"publish","type":"post","link":"https:\/\/www.newsrecorder.ro\/app\/2026\/02\/08\/un-roman-disparut-de-luni-bune-gasit-mort-la-cascadele-tre-santi\/","title":{"rendered":"Un rom\u00e2n disp\u0103rut de luni bune, g\u0103sit mort la cascadele Tre Santi"},"content":{"rendered":"<p class=\"font-claude-response-body break-words whitespace-normal leading-[1.7]\">Sergiu C\u0103t\u0103lin Cosoiu, un antreprenor \u00een construc\u021bii stabilit \u00een San Severino, a fost g\u0103sit decedat \u00een diminea\u021ba zilei de 7 februarie, la cascadele Tre Santi, \u00een localitatea Sarnano, conform raport\u0103rilor publicate de <a href=\"https:\/\/www.cronachemaceratesi.it\/2026\/02\/07\/scoperta-choc-di-tre-escursionisti-uomo-trovato-morto-in-montagna\/2035759\/\" target=\"_blank\" rel=\"noopener\">Cronache Maceratesi<\/a>.<\/p>\n<p class=\"font-claude-response-body break-words whitespace-normal leading-[1.7]\">Corpul ne\u00eensufle\u021bit a fost descoperit de trei excursioni\u0219ti care se aflau \u00een zon\u0103 \u0219i care au alertat imediat autorit\u0103\u021bile. Potrivit informa\u021biilor preliminare, se pare c\u0103 b\u0103rbatul fusese decedat de mai multe zile.<\/p>\n<p class=\"font-claude-response-body break-words whitespace-normal leading-[1.7]\">Locul unde a fost g\u0103sit cadavrul era o zon\u0103 \u00eemp\u0103durit\u0103, accesibil\u0103 doar pe jos, ceea ce a complicat opera\u021biunea de recuperare.<\/p>\n<h3>Opera\u021biune de recuperare dificil\u0103<\/h3>\n<p class=\"font-claude-response-body break-words whitespace-normal leading-[1.7]\">Echipele de salvare au fost nevoite s\u0103 parcurg\u0103 pe jos aproximativ 30-40 de minute prin mun\u021bi pentru a ajunge la locul tragediei, deoarece ambulan\u021bele \u0219i vehiculele de urgen\u021b\u0103 nu au putut avansa mai mult de at\u00e2t, oprindu-se \u00eentr-o zon\u0103 mai joas\u0103.<\/p>\n<p class=\"font-claude-response-body break-words whitespace-normal leading-[1.7]\">Interven\u021bia a fost coordonat\u0103 de pompierii din Tolentino, care au fost sprijini\u021bi de echipa SAF (Speleo Alpino Fluviale) din Macerata, Serviciul de salvare montan\u0103, personalul medical de urgen\u021b\u0103 118 \u0219i Carabinierii din Compania Tolentino.<\/p>\n<p class=\"font-claude-response-body break-words whitespace-normal leading-[1.7]\">Dup\u0103 ce au ajuns \u00een zona cascadelor Tre Santi, medicul de la ambulan\u021b\u0103 a confirmat decesul b\u0103rbatului de 46 de ani.<\/p>\n<p class=\"font-claude-response-body break-words whitespace-normal leading-[1.7]\">Cadavrul a fost transportat pe o targ\u0103 \u0219i cobor\u00e2t cu grij\u0103, fiind predat serviciilor de urgen\u021b\u0103 la finalul opera\u021biunii de recuperare \u00een condi\u021bii de siguran\u021b\u0103.<\/p>\n<h3>Un antreprenor \u0219i tat\u0103 devotat<\/h3>\n<p class=\"font-claude-response-body break-words whitespace-normal leading-[1.7]\">Cosoiu era proprietarul unei afaceri \u00een domeniul construc\u021biilor \u0219i, de asemenea, un tat\u0103 devotat a doi copii. Era separat \u0219i l\u0103sa \u00een urm\u0103 o familie \u00eendurerat\u0103.<\/p>\n<p class=\"font-claude-response-body break-words whitespace-normal leading-[1.7]\">Familia sa a raportat dispari\u021bia sa pe 23 ianuarie, ceea ce a dus la ini\u021bierea unor c\u0103ut\u0103ri extensive \u00een zon\u0103.<\/p>\n<p class=\"font-claude-response-body break-words whitespace-normal leading-[1.7]\">Cauzele exacte ale mor\u021bii lui Sergiu C\u0103t\u0103lin Cosoiu urmeaz\u0103 s\u0103 fie stabilite prin investiga\u021bii suplimentare desf\u0103\u0219urate de autorit\u0103\u021bile italiene competente.<\/p>\n","protected":false},"excerpt":{"rendered":"<p>Sergiu C\u0103t\u0103lin Cosoiu, un antreprenor \u00een construc\u021bii stabilit \u00een San Severino, a fost g\u0103sit decedat \u00een diminea\u021ba zilei de 7 februarie, la cascadele Tre Santi, \u00een localitatea Sarnano, conform raport\u0103rilor publicate de Cronache Maceratesi. Corpul ne\u00eensufle\u021bit a fost descoperit de trei excursioni\u0219ti care se aflau \u00een zon\u0103 \u0219i care au alertat imediat autorit\u0103\u021bile. Potrivit informa\u021biilor [&hellip;]<\/p>\n","protected":false},"author":2,"featured_media":1947,"comment_status":"open","ping_status":"open","sticky":false,"template":"","format":"standard","meta":{"jnews-multi-image_gallery":[],"jnews_single_post":[],"jnews_primary_category":[],"jnews_override_counter":[],"footnotes":""},"categories":[41],"tags":[3302,3304,3305,3307,3306,3308,3303,3301],"class_list":["post-1946","post","type-post","status-publish","format-standard","has-post-thumbnail","hentry","category-externe","tag-antreprenor-constructii","tag-cadavru-descoperit","tag-cascada-tre-santi","tag-echipe-salvare","tag-operatiune-recuperare","tag-pompieri-tolentino","tag-san-severino","tag-sergiu-catalin-cosoiu"],"_links":{"self":[{"href":"https:\/\/www.newsrecorder.ro\/app\/wp-json\/wp\/v2\/posts\/1946","targetHints":{"allow":["GET"]}}],"collection":[{"href":"https:\/\/www.newsrecorder.ro\/app\/wp-json\/wp\/v2\/posts"}],"about":[{"href":"https:\/\/www.newsrecorder.ro\/app\/wp-json\/wp\/v2\/types\/post"}],"author":[{"embeddable":true,"href":"https:\/\/www.newsrecorder.ro\/app\/wp-json\/wp\/v2\/users\/2"}],"replies":[{"embeddable":true,"href":"https:\/\/www.newsrecorder.ro\/app\/wp-json\/wp\/v2\/comments?post=1946"}],"version-history":[{"count":0,"href":"https:\/\/www.newsrecorder.ro\/app\/wp-json\/wp\/v2\/posts\/1946\/revisions"}],"wp:featuredmedia":[{"embeddable":true,"href":"https:\/\/www.newsrecorder.ro\/app\/wp-json\/wp\/v2\/media\/1947"}],"wp:attachment":[{"href":"https:\/\/www.newsrecorder.ro\/app\/wp-json\/wp\/v2\/media?parent=1946"}],"wp:term":[{"taxonomy":"category","embeddable":true,"href":"https:\/\/www.newsrecorder.ro\/app\/wp-json\/wp\/v2\/categories?post=1946"},{"taxonomy":"post_tag","embeddable":true,"href":"https:\/\/www.newsrecorder.ro\/app\/wp-json\/wp\/v2\/tags?post=1946"}],"curies":[{"name":"wp","href":"https:\/\/api.w.org\/{rel}","templated":true}]}}