{"id":1960,"date":"2026-02-08T12:34:23","date_gmt":"2026-02-08T12:34:23","guid":{"rendered":"https:\/\/www.newsrecorder.ro\/app\/2026\/02\/08\/liderii-portughezi-infrunta-inundatiile-si-extrema-dreapta-la-alegeri\/"},"modified":"2026-02-08T12:34:23","modified_gmt":"2026-02-08T12:34:23","slug":"liderii-portughezi-infrunta-inundatiile-si-extrema-dreapta-la-alegeri","status":"publish","type":"post","link":"https:\/\/www.newsrecorder.ro\/app\/2026\/02\/08\/liderii-portughezi-infrunta-inundatiile-si-extrema-dreapta-la-alegeri\/","title":{"rendered":"Liderii portughezi \u00eenfrunt\u0103 inunda\u021biile \u0219i extrema dreapt\u0103 la alegeri!"},"content":{"rendered":"<p>Peste 7.000 de persoane au fost evacuate \u00een Spania \u0219i <a href=\"https:\/\/www.mediafax.ro\/externe\/furtuna-lonardo-matura-portugalia-si-spania-o-persoana-a-murit-si-cateva-mii-au-fost-evacuate-23682037\">Portugalia<\/a> \u00eencep\u00e2nd cu luna februarie, \u00een urma unor ploi toren\u021biale \u0219i inunda\u021bii devastatoare. Din p\u0103cate, cel pu\u021bin dou\u0103 vie\u021bi au fost pierdute \u00een aceast\u0103 catastrof\u0103 natural\u0103, conform informa\u021biilor furnizate de <a href=\"https:\/\/www.politico.eu\/article\/portugal-battles-floodwaters-sunday-presidential-runoff-election\/?utm_source=RSS_Feed&amp;utm_medium=RSS&amp;utm_campaign=RSS_Syndication\" target=\"_blank\" rel=\"noopener\">Politico<\/a>.<\/p>\n<p>\u00cen fa\u021ba gravit\u0103\u021bii situa\u021biei, Portugalia a declarat stare de urgen\u021b\u0103 \u00een 69 din cele 308 municipalit\u0103\u021bi. Mii de locuitori au r\u0103mas f\u0103r\u0103 energie electric\u0103, iar efectele calamita\u021bii sunt resim\u021bite pe scar\u0103 larg\u0103.<\/p>\n<h2>Ventura solicit\u0103 am\u00e2narea alegerilor<\/h2>\n<p>Liderul extremei drepte, Andr\u00e9 Ventura, care s-a clasat pe locul al doilea \u00een turul decisiv al alegerilor, a cerut insistent am\u00e2narea acestora. El argumenteaz\u0103 c\u0103 votul ar trebui s\u0103 fie suspendat p\u00e2n\u0103 la restabilirea ordinii \u00een \u021bar\u0103.<\/p>\n<p>\u201eNu este nici nedrept, nici dispropor\u021bionat s\u0103 spunem c\u0103 o mare parte a \u021b\u0103rii se afl\u0103 \u00eentr-o stare de calamitate\u201d, a afirmat Ventura. \u201eAtingem niveluri brutale de nevoie \u0219i nu suntem capabili s\u0103 organiz\u0103m alegeri \u00een acest context\u201d, a ad\u0103ugat acesta.<\/p>\n<p>Pe 19 februarie, 19 municipalit\u0103\u021bi, cu un total de 31.862 de aleg\u0103tori, au primit permisiunea de a am\u00e2na votul cu o s\u0103pt\u0103m\u00e2n\u0103. Totu\u0219i, pre\u0219edintele \u00een exerci\u021biu, Marcelo Rebelo de Sousa, a subliniat c\u0103 am\u00e2narea la nivel na\u021bional ar fi ilegal\u0103. Autoritatea electoral\u0103 na\u021bional\u0103 a confirmat c\u0103 votul se va desf\u0103\u0219ura conform planului stabilit.<\/p>\n<p>\u201eStarea de urgen\u021b\u0103 sau alertele meteorologice nu constituie \u00een sine un motiv suficient pentru am\u00e2narea votului\u201d, a clarificat autoritatea.<\/p>\n<h2>Prezen\u021ba la vot, crucial\u0103 \u00een alegeri<\/h2>\n<p>Candidatul de st\u00e2nga moderat\u0103, Ant\u00f3nio Jos\u00e9 Seguro, a c\u00e2\u0219tigat primul tur al alegerilor pe 18 ianuarie. Recent, el a recunoscut c\u0103 o prezen\u021b\u0103 sc\u0103zut\u0103 la vot ar putea favoriza candidatul Ventura.<\/p>\n<p>Sus\u021bin\u0103torii partidului Chega s-au dovedit a fi aleg\u0103tori fideli \u00een alegerile anterioare. \u201eOamenii \u00eemi spun continuu c\u0103 am c\u00e2\u0219tigat deja aceast\u0103 curs\u0103, dar nu este a\u0219a\u201d, a declarat Seguro vineri, ad\u0103ug\u00e2nd c\u0103 adversarul s\u0103u are \u201emulte motive s\u0103 promoveze demobilizarea electoral\u0103 a poporului portughez\u201d.<\/p>\n<p>\u00cen scrutinul din luna trecut\u0103, Seguro a ob\u021binut 31% din voturi, \u00een timp ce Ventura a venit pe locul al doilea, cu 23,5%. Acest rezultat relativ str\u00e2ns a condus la primul tur de scrutin \u00een alegerile preziden\u021biale din Portugalia din ultimele patru decenii.<\/p>\n<h2>Mobilizarea \u00eempotriva extremei drepte<\/h2>\n<p>Seguro a prezentat alegerile de duminic\u0103 ca o oportunitate crucial\u0103 pentru a \u00eempiedica extrema dreapt\u0103 s\u0103 ajung\u0103 la putere. Mesajul s\u0103u a fost sus\u021binut de membri ai partidului conservator Ini\u021biativa Liberal\u0103.<\/p>\n<p>Mai multe personalit\u0103\u021bi de centru-dreapta, printre care fostul pre\u0219edinte An\u00edbal Cavaco Silva \u0219i fostul viceprim-ministru Paulo Portas, \u0219i-au declarat sprijinul pentru Seguro. De asemenea, mii de aleg\u0103tori au semnat o scrisoare deschis\u0103 de sus\u021binere, ini\u021biat\u0103 de un grup de personalit\u0103\u021bi publice care se autoproclam\u0103 \u201enesocialiste\u201d.<\/p>\n<h2>Sondajele favorizeaz\u0103 pe Seguro<\/h2>\n<p>Un sondaj realizat de Universitatea Cat\u00f3lica, publicat pe 3 februarie, \u00eel arat\u0103 pe Seguro \u00een frunte, cu 67% din voturi, \u00een vreme ce Ventura ar ob\u021bine 33%. Dac\u0103 aceste previziuni se confirm\u0103, victoria lui Seguro ar reprezenta cel mai mare rezultat preziden\u021bial de la Revolu\u021bia Garoafelor din 1974.<\/p>\n<p>Procentul de 33% prognozat pentru Ventura ar marca cel mai bun rezultat al partidului Chega \u00eentr-o alegere na\u021bional\u0103, indic\u00e2nd totodat\u0103 capacitatea crescut\u0103 a acestuia de a mobiliza aleg\u0103torii de dreapta.<\/p>\n<h2>Imigra\u021bia, o tem\u0103 central\u0103 \u00een campanie<\/h2>\n<p>O parte semnificativ\u0103 a succesului Chega se datoreaz\u0103 reac\u021biei negative fa\u021b\u0103 de politicile de migra\u021bie. \u00cen ultimii cinci ani, Portugalia a experimentat o cre\u0219tere substan\u021bial\u0103 a imigra\u021biei, num\u0103rul reziden\u021bilor n\u0103scu\u021bi \u00een str\u0103in\u0103tate dubl\u00e2ndu-se la peste 1 milion, ceea ce reprezint\u0103 aproximativ 10% din popula\u021bie.<\/p>\n<p>Vineri, Ventura a afirmat c\u0103 Portugalia nu are nevoie de \u201emai mul\u021bi imigran\u021bi din India sau Bangladesh\u201d, subliniind c\u0103 \u201eceea ce avem nevoie este s\u0103 ne pl\u0103tim mai bine proprii cet\u0103\u021beni\u201d.<\/p>\n<h2>Provoc\u0103rile dreptei portugheze<\/h2>\n<p>Premierul de centru-dreapta, Lu\u00eds Montenegro, a refuzat s\u0103 formeze o coali\u021bie cu Chega \u0219i a evitat confrunt\u0103rile directe cu Ventura pentru a nu \u00eendep\u0103rta aleg\u0103torii de extrem\u0103 dreapta. \u00cen ajunul votului, a evitat s\u0103 sus\u021bin\u0103 un candidat, o pozi\u021bie care i-a atras critici \u00een parlamentul portughez.<\/p>\n<p>Dac\u0103 Ventura va ob\u021bine \u00eentre 35 \u0219i 40% din voturi, el va putea pretinde c\u0103 este adev\u0103ratul lider al dreptei portugheze, un procent similar cu cel ob\u021binut de Montenegro \u00een alegerile parlamentare de anul trecut. \u201eVa putea s\u0103 pretind\u0103 c\u0103 este adev\u0103ratul lider al dreptei portugheze\u201d, a comentat Ant\u00f3nio Costa Pinto, politolog la Universitatea din Lisabona.<\/p>\n<p>Ventura a declarat s\u0103pt\u0103m\u00e2na aceasta c\u0103, \u00een calitate de \u0219ef al statului, va \u201eface totul pentru a fi vocea acestei nemul\u021bumiri\u201d. \u201e\u021aara este nemul\u021bumit\u0103 de direc\u021bia \u00een care au evoluat lucrurile\u201d, a conchis el.<\/p>\n","protected":false},"excerpt":{"rendered":"<p>Peste 7.000 de persoane au fost evacuate \u00een Spania \u0219i Portugalia \u00eencep\u00e2nd cu luna februarie, \u00een urma unor ploi toren\u021biale \u0219i inunda\u021bii devastatoare. Din p\u0103cate, cel pu\u021bin dou\u0103 vie\u021bi au fost pierdute \u00een aceast\u0103 catastrof\u0103 natural\u0103, conform informa\u021biilor furnizate de Politico. \u00cen fa\u021ba gravit\u0103\u021bii situa\u021biei, Portugalia a declarat stare de urgen\u021b\u0103 \u00een 69 din cele [&hellip;]<\/p>\n","protected":false},"author":2,"featured_media":1961,"comment_status":"open","ping_status":"open","sticky":false,"template":"","format":"standard","meta":{"jnews-multi-image_gallery":[],"jnews_single_post":[],"jnews_primary_category":[],"jnews_override_counter":[],"footnotes":""},"categories":[41],"tags":[1042,3341,3340,2881,2880,3140,703,998],"class_list":["post-1960","post","type-post","status-publish","format-standard","has-post-thumbnail","hentry","category-externe","tag-alegeri","tag-andre-ventura","tag-calamitate-naturala","tag-evacuari","tag-inundatii","tag-portugalia","tag-spania","tag-stare-de-urgenta"],"_links":{"self":[{"href":"https:\/\/www.newsrecorder.ro\/app\/wp-json\/wp\/v2\/posts\/1960","targetHints":{"allow":["GET"]}}],"collection":[{"href":"https:\/\/www.newsrecorder.ro\/app\/wp-json\/wp\/v2\/posts"}],"about":[{"href":"https:\/\/www.newsrecorder.ro\/app\/wp-json\/wp\/v2\/types\/post"}],"author":[{"embeddable":true,"href":"https:\/\/www.newsrecorder.ro\/app\/wp-json\/wp\/v2\/users\/2"}],"replies":[{"embeddable":true,"href":"https:\/\/www.newsrecorder.ro\/app\/wp-json\/wp\/v2\/comments?post=1960"}],"version-history":[{"count":0,"href":"https:\/\/www.newsrecorder.ro\/app\/wp-json\/wp\/v2\/posts\/1960\/revisions"}],"wp:featuredmedia":[{"embeddable":true,"href":"https:\/\/www.newsrecorder.ro\/app\/wp-json\/wp\/v2\/media\/1961"}],"wp:attachment":[{"href":"https:\/\/www.newsrecorder.ro\/app\/wp-json\/wp\/v2\/media?parent=1960"}],"wp:term":[{"taxonomy":"category","embeddable":true,"href":"https:\/\/www.newsrecorder.ro\/app\/wp-json\/wp\/v2\/categories?post=1960"},{"taxonomy":"post_tag","embeddable":true,"href":"https:\/\/www.newsrecorder.ro\/app\/wp-json\/wp\/v2\/tags?post=1960"}],"curies":[{"name":"wp","href":"https:\/\/api.w.org\/{rel}","templated":true}]}}