{"id":1966,"date":"2026-02-08T12:41:42","date_gmt":"2026-02-08T12:41:42","guid":{"rendered":"https:\/\/www.newsrecorder.ro\/app\/2026\/02\/08\/ciucu-dezvaluie-jocurile-de-putere-din-consiliul-general-pepsi-si-pufuleti\/"},"modified":"2026-02-08T12:41:42","modified_gmt":"2026-02-08T12:41:42","slug":"ciucu-dezvaluie-jocurile-de-putere-din-consiliul-general-pepsi-si-pufuleti","status":"publish","type":"post","link":"https:\/\/www.newsrecorder.ro\/app\/2026\/02\/08\/ciucu-dezvaluie-jocurile-de-putere-din-consiliul-general-pepsi-si-pufuleti\/","title":{"rendered":"\u201eCiucu dezv\u0103luie jocurile de putere din Consiliul General: Pepsi \u0219i pufule\u021bi!\u201d"},"content":{"rendered":"<p>Ciprian Ciucu, \u00eentr-o interven\u021bie la emisiunea Insider Politic de la Prima TV, a lansat acuza\u021bii dure la adresa social-democra\u021bilor, inclusiv a lui Daniel B\u0103lu\u021b\u0103, pe care i-a catalogat drept \u201epar\u0219ivi\u201d. Declara\u021biile lui Ciucu au fost preluate de <a href=\"https:\/\/www.gandul.ro\/actualitate\/ciprian-ciucu-spune-ca-un-celebru-serial-politic-este-pepsi-cu-pufuleti-pe-langa-intrigile-din-consiliul-general-bucuresti-20796784\" target=\"_blank\" rel=\"noopener\">G\u00e2ndul<\/a>.<\/p>\n<p>\u201eNu \u0219tiu, el a \u00eenceput, \u00eentreba\u021bi-l pe el. Deci nu m\u0103 pl\u00e2ng, am solu\u021bii. \u00abPune m\u00e2na \u0219i voteaz\u0103 \u00een Consiliul General \u0219i nu mai f\u0103 pe mironosi\u021ba\u00bb. Asta este mesajul. Hai s\u0103 vedem, voteaz\u0103-le, vedem ce efecte au pe parcursul acestui an, echilibr\u0103m bugetul. E u\u0219or s\u0103 spui c\u0103 Ciucu se pl\u00e2nge, dar nu vine cu solu\u021bii. Bun, hai s\u0103 te v\u0103d. Aici este par\u0219ivenia, pentru c\u0103 orice i-ai propune care nu este popular, aici este un comportament foarte par\u0219iv\u201d, a declarat Ciucu.<\/p>\n<p>Referitor la o posibil\u0103 discu\u021bie privat\u0103 cu Daniel B\u0103lu\u021b\u0103, Ciucu a men\u021bionat: \u201eAm avut mai multe \u0219i o s\u0103 mai am\u201d. El a recunoscut c\u0103 B\u0103lu\u021b\u0103 a avut decen\u021ba de a-l informa cu c\u00e2teva zile \u00eenainte c\u0103 nu \u00eei va vota propunerile, pentru a-i ar\u0103ta c\u0103 vrea s\u0103 regleze anumite for\u021be.<\/p>\n<p>\u00cen ceea ce prive\u0219te viitorul rela\u021biei sale cu PSD, Ciucu a afirmat c\u0103 va explora \u0219i colabor\u0103ri cu alte partide, precum AUR sau PUSL. \u201eEste un Consiliu General pulverizat, PSD-ul este important \u0219i poate forma majorit\u0103\u021bi. Dac\u0103 e nevoie s\u0103 colaborez cu partidul lui Piedone, voi face acest lucru. Dar va fi greu, deoarece au o istorie comun\u0103 \u0219i se coordoneaz\u0103 \u00eentre ei\u201d, a explicat el.<\/p>\n<p>Ciucu a ad\u0103ugat c\u0103 nu va \u00eenchide u\u0219ile colabor\u0103rii cu alte partide, av\u00e2nd \u00een vedere c\u0103 scopul s\u0103u este s\u0103 formeze o majoritate, chiar dac\u0103 acest lucru ar putea implica anumite costuri de imagine. \u201eM\u0103 bazez pe USR, REPER, For\u021ba Dreptei, PMP \u0219i, bine\u00een\u021beles, pe Partidul Na\u021bional Liberal\u201d, a spus el.<\/p>\n<p>\u201e\u00cen alt context poate a\u0219 refuza, dar nu-mi permit luxul s\u0103 refuz sau s\u0103 jignesc AUR sau s\u0103 \u00eemi alienez Consiliul General. M\u0103 bazez pe faptul c\u0103 du\u0219manul de moarte al AUR este PSD\u201d, a ad\u0103ugat Ciprian Ciucu.<\/p>\n<p>Ciucu a comparat intrigile din Consiliul General al PMB cu cele din serialul \u201eHouse of Cards\u201d, afirm\u00e2nd c\u0103 acestea sunt \u201ePepsi cu pufule\u021bi\u201d \u00een compara\u021bie cu realit\u0103\u021bile din politica rom\u00e2neasc\u0103.<\/p>\n<p>Reac\u021bia lui Daniel B\u0103lu\u021b\u0103 nu a \u00eent\u00e2rziat s\u0103 apar\u0103. Acesta a r\u0103spuns pe Facebook, acuz\u00e2ndu-l pe Ciucu de lips\u0103 de caracter. \u201eDomnul Ciucu, care \u00een ultimele dou\u0103 luni s-a dovedit a fi un amator lipsit de solu\u021bii, a trecut la un alt nivel\u2026 cel al mitoc\u0103niei\u201d, a scris B\u0103lu\u021b\u0103.<\/p>\n<p>B\u0103lu\u021b\u0103 a continuat s\u0103 sublinieze c\u0103 va face tot ce \u00eei st\u0103 \u00een putin\u021b\u0103 pentru a se asigura c\u0103 bucure\u0219tenii nu vor pl\u0103ti pentru ap\u0103 cald\u0103 \u0219i c\u0103ldur\u0103 dac\u0103 acestea nu sunt livrate conform standardelor contractuale. \u201eVoi continua s\u0103 construiesc metrou, s\u0103 dezvolt infrastructura rutier\u0103, medical\u0103 \u0219i educa\u021bional\u0103\u201d, a ad\u0103ugat el.<\/p>\n<p>\u201eDac\u0103 pute\u021bi (\u0219i, sincer, pare c\u0103 nu pute\u021bi), \u00eencerca\u021bi s\u0103 face\u021bi acela\u0219i lucru, s\u0103 dovedi\u021bi c\u0103 sunte\u021bi a\u0219a cum v-a\u021bi prezentat \u00een campanie. Pentru presta\u021bia de ast\u0103zi, v\u0103 pot spune doar at\u00e2t: \u00abDomnule Ciucu, sunte\u021bi un om f\u0103r\u0103 caracter!\u00bb\u201d, a \u00eencheiat B\u0103lu\u021b\u0103, conform Mediafax.<\/p>\n","protected":false},"excerpt":{"rendered":"<p>Ciprian Ciucu, \u00eentr-o interven\u021bie la emisiunea Insider Politic de la Prima TV, a lansat acuza\u021bii dure la adresa social-democra\u021bilor, inclusiv a lui Daniel B\u0103lu\u021b\u0103, pe care i-a catalogat drept \u201epar\u0219ivi\u201d. Declara\u021biile lui Ciucu au fost preluate de G\u00e2ndul. \u201eNu \u0219tiu, el a \u00eenceput, \u00eentreba\u021bi-l pe el. Deci nu m\u0103 pl\u00e2ng, am solu\u021bii. \u00abPune m\u00e2na \u0219i [&hellip;]<\/p>\n","protected":false},"author":2,"featured_media":1967,"comment_status":"open","ping_status":"open","sticky":false,"template":"","format":"standard","meta":{"jnews-multi-image_gallery":[],"jnews_single_post":[],"jnews_primary_category":[],"jnews_override_counter":[],"footnotes":""},"categories":[42],"tags":[643,1068,1044,1059,624,3277,3351,1992],"class_list":["post-1966","post","type-post","status-publish","format-standard","has-post-thumbnail","hentry","category-politica","tag-acuzatii","tag-buget","tag-ciprian-ciucu","tag-consiliul-general","tag-daniel-baluta","tag-insider-politic","tag-social-democrati","tag-solutii"],"_links":{"self":[{"href":"https:\/\/www.newsrecorder.ro\/app\/wp-json\/wp\/v2\/posts\/1966","targetHints":{"allow":["GET"]}}],"collection":[{"href":"https:\/\/www.newsrecorder.ro\/app\/wp-json\/wp\/v2\/posts"}],"about":[{"href":"https:\/\/www.newsrecorder.ro\/app\/wp-json\/wp\/v2\/types\/post"}],"author":[{"embeddable":true,"href":"https:\/\/www.newsrecorder.ro\/app\/wp-json\/wp\/v2\/users\/2"}],"replies":[{"embeddable":true,"href":"https:\/\/www.newsrecorder.ro\/app\/wp-json\/wp\/v2\/comments?post=1966"}],"version-history":[{"count":0,"href":"https:\/\/www.newsrecorder.ro\/app\/wp-json\/wp\/v2\/posts\/1966\/revisions"}],"wp:featuredmedia":[{"embeddable":true,"href":"https:\/\/www.newsrecorder.ro\/app\/wp-json\/wp\/v2\/media\/1967"}],"wp:attachment":[{"href":"https:\/\/www.newsrecorder.ro\/app\/wp-json\/wp\/v2\/media?parent=1966"}],"wp:term":[{"taxonomy":"category","embeddable":true,"href":"https:\/\/www.newsrecorder.ro\/app\/wp-json\/wp\/v2\/categories?post=1966"},{"taxonomy":"post_tag","embeddable":true,"href":"https:\/\/www.newsrecorder.ro\/app\/wp-json\/wp\/v2\/tags?post=1966"}],"curies":[{"name":"wp","href":"https:\/\/api.w.org\/{rel}","templated":true}]}}