{"id":2018,"date":"2026-02-09T03:23:29","date_gmt":"2026-02-09T03:23:29","guid":{"rendered":"https:\/\/www.newsrecorder.ro\/app\/2026\/02\/09\/tragedie-in-bulgaria-trei-ucisi-intr-un-refugiu-montan-suspecti-gasiti-morti\/"},"modified":"2026-02-09T03:23:29","modified_gmt":"2026-02-09T03:23:29","slug":"tragedie-in-bulgaria-trei-ucisi-intr-un-refugiu-montan-suspecti-gasiti-morti","status":"publish","type":"post","link":"https:\/\/www.newsrecorder.ro\/app\/2026\/02\/09\/tragedie-in-bulgaria-trei-ucisi-intr-un-refugiu-montan-suspecti-gasiti-morti\/","title":{"rendered":"Tragedie \u00een Bulgaria: Trei uci\u0219i \u00eentr-un refugiu montan, suspec\u021bi g\u0103si\u021bi mor\u021bi!"},"content":{"rendered":"<p>Cadavrele a trei persoane, doi b\u0103rba\u021bi \u0219i un adolescent de 15 ani, au fost g\u0103site \u00eentr-o autorulot\u0103, la o zi dup\u0103 ce s-a f\u0103cut public un triplu asasinat care a \u0219ocat Bulgaria. Aceast\u0103 tragedie este \u00eenv\u0103luit\u0103 de suspiciuni legate de implicarea victimelor \u00eentr-o sect\u0103 \u0219i de acuza\u021bii de pedofilie.<\/p>\n<p>\u201eNe confrunt\u0103m cu o anchet\u0103 privind o crim\u0103 f\u0103r\u0103 precedent, cel pu\u021bin pentru Bulgaria\u201d, a declarat Zahawi Vaskov \u00een cadrul unei conferin\u021be de pres\u0103, conform <a href=\"https:\/\/www.lefigaro.fr\/flash-actu\/bulgarie-decouverte-des-corps-de-trois-personnes-soupconnees-d-un-triple-meurtre-20260208\" target=\"_blank\" rel=\"noopener\">Le Figaro<\/a>. El a f\u0103cut aceste comentarii la locul descoperirii autorulotei, situat\u0103 \u00een apropierea muntelui Okolchitsa, \u00een lan\u021bul muntos al Balcanilor, la aproximativ 80 de kilometri distan\u021b\u0103 de refugiul montan unde au avut loc crimele ini\u021biale.<\/p>\n<p>Vehiculul \u00een care au fost g\u0103site cadavrele apar\u021bine unei organiza\u021bii non-guvernamentale, Agen\u021bia Na\u021bional\u0103 pentru Controlul Teritoriilor Protejate, care organizeaz\u0103 tabere de vacan\u021b\u0103 pentru tineri. Denyo Denev, \u0219eful interimar al Agen\u021biei de Stat pentru Securitate Na\u021bional\u0103 (SANS), a men\u021bionat c\u0103, \u00een urm\u0103 cu doi ani, a fost depus\u0103 o pl\u00e2ngere \u00eempotriva ONG-ului pentru \u201eabuzuri sexuale asupra copiilor\u201d \u0219i pentru existen\u021ba unor \u201estructuri paramilitare\u201d. \u00cen prezent, au fost descoperite noi probe care au fost transmise Parchetului.<\/p>\n<p>Zahawi Vaskov a indicat c\u0103 focurile de arm\u0103 au fost \u201ecel mai probabil\u201d trase din interiorul autorulotei. Anchetatorii exploreaz\u0103 \u201eabsolut toate ipotezele posibile\u201d, iar \u201epista unei comunit\u0103\u021bi \u00eenchise cu tendin\u021be sectare\u201d nu este exclus\u0103.<\/p>\n<p>Ancheta a fost deschis\u0103 luni, c\u00e2nd Ministerul bulgar de Interne a anun\u021bat descoperirea celor trei cadavre l\u00e2ng\u0103 un refugiu montan din zona pasului Petrohan. Procurorul regional din Sofia, Hristina Lulcheva, a informat jurnali\u0219tii c\u0103 refugiul fusese incendiabil. Victimele, b\u0103rba\u021bi care au fost ulterior identifica\u021bi ca membri ai ONG-ului, prezentau r\u0103ni cauzate de gloan\u021be.<\/p>\n<p>Miercuri, procurorul general interimar, Borislav Sarafov, a men\u021bionat, \u00eentr-o conferin\u021b\u0103 de pres\u0103, c\u0103 ONG-ul desf\u0103\u0219ura activit\u0103\u021bi care nu se aliniau \u201evoii lui Dumnezeu, intereselor societ\u0103\u021bii, statului \u0219i copiilor\u201d, compar\u00e2nd situa\u021bia cu un \u201eTwin Peaks\u201d bulg\u0103resc, referindu-se la celebrul serial american.<\/p>\n","protected":false},"excerpt":{"rendered":"<p>Cadavrele a trei persoane, doi b\u0103rba\u021bi \u0219i un adolescent de 15 ani, au fost g\u0103site \u00eentr-o autorulot\u0103, la o zi dup\u0103 ce s-a f\u0103cut public un triplu asasinat care a \u0219ocat Bulgaria. Aceast\u0103 tragedie este \u00eenv\u0103luit\u0103 de suspiciuni legate de implicarea victimelor \u00eentr-o sect\u0103 \u0219i de acuza\u021bii de pedofilie. \u201eNe confrunt\u0103m cu o anchet\u0103 privind [&hellip;]<\/p>\n","protected":false},"author":2,"featured_media":2019,"comment_status":"open","ping_status":"open","sticky":false,"template":"","format":"standard","meta":{"jnews-multi-image_gallery":[],"jnews_single_post":[],"jnews_primary_category":[],"jnews_override_counter":[],"footnotes":""},"categories":[41],"tags":[3455,817,3451,1922,3454,3453,3452,3450],"class_list":["post-2018","post","type-post","status-publish","format-standard","has-post-thumbnail","hentry","category-externe","tag-agentie-non-guvernamentala","tag-ancheta","tag-autorulota","tag-bulgaria","tag-cadavre","tag-pedofilie","tag-secta","tag-triplu-asasinat"],"_links":{"self":[{"href":"https:\/\/www.newsrecorder.ro\/app\/wp-json\/wp\/v2\/posts\/2018","targetHints":{"allow":["GET"]}}],"collection":[{"href":"https:\/\/www.newsrecorder.ro\/app\/wp-json\/wp\/v2\/posts"}],"about":[{"href":"https:\/\/www.newsrecorder.ro\/app\/wp-json\/wp\/v2\/types\/post"}],"author":[{"embeddable":true,"href":"https:\/\/www.newsrecorder.ro\/app\/wp-json\/wp\/v2\/users\/2"}],"replies":[{"embeddable":true,"href":"https:\/\/www.newsrecorder.ro\/app\/wp-json\/wp\/v2\/comments?post=2018"}],"version-history":[{"count":0,"href":"https:\/\/www.newsrecorder.ro\/app\/wp-json\/wp\/v2\/posts\/2018\/revisions"}],"wp:featuredmedia":[{"embeddable":true,"href":"https:\/\/www.newsrecorder.ro\/app\/wp-json\/wp\/v2\/media\/2019"}],"wp:attachment":[{"href":"https:\/\/www.newsrecorder.ro\/app\/wp-json\/wp\/v2\/media?parent=2018"}],"wp:term":[{"taxonomy":"category","embeddable":true,"href":"https:\/\/www.newsrecorder.ro\/app\/wp-json\/wp\/v2\/categories?post=2018"},{"taxonomy":"post_tag","embeddable":true,"href":"https:\/\/www.newsrecorder.ro\/app\/wp-json\/wp\/v2\/tags?post=2018"}],"curies":[{"name":"wp","href":"https:\/\/api.w.org\/{rel}","templated":true}]}}