{"id":2024,"date":"2026-02-09T03:24:06","date_gmt":"2026-02-09T03:24:06","guid":{"rendered":"https:\/\/www.newsrecorder.ro\/app\/2026\/02\/09\/juan-pablo-guanipa-liderul-opozitiei-din-venezuela-a-fost-eliberat\/"},"modified":"2026-02-09T03:24:06","modified_gmt":"2026-02-09T03:24:06","slug":"juan-pablo-guanipa-liderul-opozitiei-din-venezuela-a-fost-eliberat","status":"publish","type":"post","link":"https:\/\/www.newsrecorder.ro\/app\/2026\/02\/09\/juan-pablo-guanipa-liderul-opozitiei-din-venezuela-a-fost-eliberat\/","title":{"rendered":"Juan Pablo Guanipa, liderul opozi\u021biei din Venezuela, a fost eliberat!"},"content":{"rendered":"<p>Juan Pablo Guanipa, un aliat de seam\u0103 al liderului opozi\u021biei, Mar\u00eda Corina Machado, a fost recent eliberat dintr-un centru de deten\u021bie din Caracas. Aceast\u0103 eliberare are loc \u00eentr-un context \u00een care guvernul pre\u0219edintelui interimar Delcy Rodr\u00edguez se confrunt\u0103 cu presiuni cresc\u00e2nde de a elibera sute de persoane care au fost re\u021binute din motive politice, unele dintre acestea fiind \u00een deten\u021bie de luni sau chiar ani de zile, conform unui raport al <a href=\"https:\/\/apnews.com\/article\/venezuela-rodriguez-us-maduro-political-prisoners-guanipa-a2a4dfc7ae34c543e648796ade80913d\" target=\"_blank\" rel=\"noopener\">Associated Press<\/a>.<\/p>\n<p>\u201eAst\u0103zi, suntem elibera\u021bi\u201d, a declarat Guanipa \u00eentr-un videoclip postat pe re\u021beaua social\u0103 X, \u00een fa\u021ba unui vehicul blindat \u0219i a ofi\u021berilor de poli\u021bie. \u201eAvem multe de discutat despre prezentul \u0219i viitorul Venezuelei, \u00eentotdeauna cu adev\u0103rul \u00een prim-plan\u201d.<\/p>\n<p>Guanipa a fost re\u021binut la finalul lunii mai, fiind acuzat de ministrul de interne Diosdado Cabello de implicare \u00eentr-un presupus \u201egrup terorist\u201d care ar fi complotat pentru a boicota alegerile legislative din acea lun\u0103. Fratele s\u0103u, Tom\u00e1s Guanipa, a respins vehement aceste acuza\u021bii, afirm\u00e2nd c\u0103 arestarea a fost un act de reprimare a disiden\u021bei.<\/p>\n<p>\u201eA g\u00e2ndi diferit nu poate fi incriminat \u00een Venezuela, iar ast\u0103zi, Juan Pablo Guanipa este un prizonier de con\u0219tiin\u021b\u0103 al acestui regim\u201d, a declarat Tom\u00e1s Guanipa. \u201eEl are dreptul s\u0103-\u0219i exprime opiniile, s\u0103-\u0219i apere ideile \u0219i s\u0103 fie tratat conform unei constitu\u021bii care, din p\u0103cate, nu este respectat\u0103\u201d.<\/p>\n<p>Foro Penal, un grup dedicat ap\u0103r\u0103rii drepturilor de\u021binu\u021bilor din Venezuela, a confirmat eliberarea a 11 persoane duminica trecut\u0103. Pe l\u00e2ng\u0103 Juan Pablo Guanipa, organiza\u021bia politic\u0103 a lui Machado a anun\u021bat c\u0103 au fost elibera\u021bi \u0219i al\u021bi organizatori politici locali.<\/p>\n<p>\u201eS\u0103 mergem pentru libertatea Venezuelei!\u201d, a postat Mar\u00eda Corina Machado pe X, subliniind angajamentul continuu pentru drepturile omului \u0219i democra\u021bie \u00een \u021bar\u0103.<\/p>\n<p>Delcy Rodr\u00edguez a depus jur\u0103m\u00e2ntul ca pre\u0219edinte interimar al Venezuelei dup\u0103 capturarea fostului pre\u0219edinte Nicol\u00e1s Maduro de c\u0103tre armata american\u0103 luna trecut\u0103. \u00cen aceast\u0103 nou\u0103 calitate, guvernul s\u0103u a promis luna trecut\u0103 eliberarea unui num\u0103r semnificativ de prizonieri, o cerere esen\u021bial\u0103 a opozi\u021biei \u0219i a organiza\u021biilor pentru drepturile omului, sus\u021binut\u0103 de Statele Unite. Cu toate acestea, familiile \u0219i organiza\u021biile de ap\u0103rare a drepturilor omului au criticat autorit\u0103\u021bile pentru ritmul lent al acestor eliber\u0103ri.<\/p>\n","protected":false},"excerpt":{"rendered":"<p>Juan Pablo Guanipa, un aliat de seam\u0103 al liderului opozi\u021biei, Mar\u00eda Corina Machado, a fost recent eliberat dintr-un centru de deten\u021bie din Caracas. Aceast\u0103 eliberare are loc \u00eentr-un context \u00een care guvernul pre\u0219edintelui interimar Delcy Rodr\u00edguez se confrunt\u0103 cu presiuni cresc\u00e2nde de a elibera sute de persoane care au fost re\u021binute din motive politice, unele [&hellip;]<\/p>\n","protected":false},"author":2,"featured_media":2025,"comment_status":"open","ping_status":"open","sticky":false,"template":"","format":"standard","meta":{"jnews-multi-image_gallery":[],"jnews_single_post":[],"jnews_primary_category":[],"jnews_override_counter":[],"footnotes":""},"categories":[41],"tags":[3468,3465,3466,691,3464,3319,3467,2062],"class_list":["post-2024","post","type-post","status-publish","format-standard","has-post-thumbnail","hentry","category-externe","tag-alegeri-legislative","tag-detentie-politica","tag-diosdado-cabello","tag-eliberare","tag-juan-pablo-guanipa","tag-maria-corina-machado","tag-presiuni-guvernamentale","tag-venezuela"],"_links":{"self":[{"href":"https:\/\/www.newsrecorder.ro\/app\/wp-json\/wp\/v2\/posts\/2024","targetHints":{"allow":["GET"]}}],"collection":[{"href":"https:\/\/www.newsrecorder.ro\/app\/wp-json\/wp\/v2\/posts"}],"about":[{"href":"https:\/\/www.newsrecorder.ro\/app\/wp-json\/wp\/v2\/types\/post"}],"author":[{"embeddable":true,"href":"https:\/\/www.newsrecorder.ro\/app\/wp-json\/wp\/v2\/users\/2"}],"replies":[{"embeddable":true,"href":"https:\/\/www.newsrecorder.ro\/app\/wp-json\/wp\/v2\/comments?post=2024"}],"version-history":[{"count":0,"href":"https:\/\/www.newsrecorder.ro\/app\/wp-json\/wp\/v2\/posts\/2024\/revisions"}],"wp:featuredmedia":[{"embeddable":true,"href":"https:\/\/www.newsrecorder.ro\/app\/wp-json\/wp\/v2\/media\/2025"}],"wp:attachment":[{"href":"https:\/\/www.newsrecorder.ro\/app\/wp-json\/wp\/v2\/media?parent=2024"}],"wp:term":[{"taxonomy":"category","embeddable":true,"href":"https:\/\/www.newsrecorder.ro\/app\/wp-json\/wp\/v2\/categories?post=2024"},{"taxonomy":"post_tag","embeddable":true,"href":"https:\/\/www.newsrecorder.ro\/app\/wp-json\/wp\/v2\/tags?post=2024"}],"curies":[{"name":"wp","href":"https:\/\/api.w.org\/{rel}","templated":true}]}}