{"id":2032,"date":"2026-02-09T03:24:44","date_gmt":"2026-02-09T03:24:44","guid":{"rendered":"https:\/\/www.newsrecorder.ro\/app\/2026\/02\/09\/trump-dezvaluie-vizita-surpriza-a-lui-xi-jinping-la-casa-alba\/"},"modified":"2026-02-09T03:24:44","modified_gmt":"2026-02-09T03:24:44","slug":"trump-dezvaluie-vizita-surpriza-a-lui-xi-jinping-la-casa-alba","status":"publish","type":"post","link":"https:\/\/www.newsrecorder.ro\/app\/2026\/02\/09\/trump-dezvaluie-vizita-surpriza-a-lui-xi-jinping-la-casa-alba\/","title":{"rendered":"Trump dezv\u0103luie vizita surpriz\u0103 a lui Xi Jinping la Casa Alb\u0103!"},"content":{"rendered":"<p>Donald Trump a declarat recent c\u0103 pre\u0219edintele chinez, Xi Jinping, va efectua o vizit\u0103 la Casa Alb\u0103 spre sf\u00e2r\u0219itul acestui an. Aceast\u0103 afirma\u021bie a fost f\u0103cut\u0103 \u00eentr-un interviu acordat canalului american NBC, \u00eenregistrat miercuri \u0219i difuzat complet duminic\u0103. Trump a subliniat c\u0103 rela\u021bia dintre Statele Unite \u0219i China este una foarte bun\u0103, av\u00e2nd \u00een vedere c\u0103 aceste dou\u0103 \u021b\u0103ri sunt cele mai puternice din lume. De asemenea, el a confirmat c\u0103 va c\u0103l\u0103tori \u00een China \u00een aprilie, conform informa\u021biilor furnizate de <a href=\"https:\/\/www.lefigaro.fr\/donald-trump-annonce-une-visite-de-xi-jinping-a-la-maison-blanche-vers-la-fin-de-l-annee-20260208\" target=\"_blank\" rel=\"noopener\">Le Figaro<\/a>.<\/p>\n<p>\u00cen contextul tensiunilor actuale dintre Washington \u0219i Beijing, mai ales \u00een ceea ce prive\u0219te tarifele comerciale, Trump a asigurat c\u0103 liderii celor dou\u0103 superputeri men\u021bin un dialog constant pe teme economice \u0219i comerciale. Aceast\u0103 comunicare este esen\u021bial\u0103 pentru a men\u021bine o rela\u021bie constructiv\u0103.<\/p>\n<p>\u201eEste crucial s\u0103 am o rela\u021bie bun\u0103 cu el \u0219i, de asemenea, s\u0103 avem o rela\u021bie solid\u0103 \u00eentre \u021b\u0103rile noastre\u201d, a afirmat Trump, subliniind importan\u021ba colabor\u0103rii interna\u021bionale.<\/p>\n<p>Referindu-se la impactul tarifelor, Trump a spus c\u0103 \u201eChina pl\u0103te\u0219te multe tarife\u201d, eviden\u021biind faptul c\u0103 \u00een trecut nu se aplica acelea\u0219i m\u0103suri. El \u0219i-a asumat responsabilitatea pentru impunerea acestor tarife, afirm\u00e2nd c\u0103 \u201e\u021bara noastr\u0103 a recuperat sute de miliarde de dolari din tarife\u201d.<\/p>\n","protected":false},"excerpt":{"rendered":"<p>Donald Trump a declarat recent c\u0103 pre\u0219edintele chinez, Xi Jinping, va efectua o vizit\u0103 la Casa Alb\u0103 spre sf\u00e2r\u0219itul acestui an. Aceast\u0103 afirma\u021bie a fost f\u0103cut\u0103 \u00eentr-un interviu acordat canalului american NBC, \u00eenregistrat miercuri \u0219i difuzat complet duminic\u0103. Trump a subliniat c\u0103 rela\u021bia dintre Statele Unite \u0219i China este una foarte bun\u0103, av\u00e2nd \u00een vedere [&hellip;]<\/p>\n","protected":false},"author":2,"featured_media":2033,"comment_status":"open","ping_status":"open","sticky":false,"template":"","format":"standard","meta":{"jnews-multi-image_gallery":[],"jnews_single_post":[],"jnews_primary_category":[],"jnews_override_counter":[],"footnotes":""},"categories":[39],"tags":[2848,1459,3482,31,429,680,3483,2879],"class_list":["post-2032","post","type-post","status-publish","format-standard","has-post-thumbnail","hentry","category-stirile-zilei","tag-casa-alba","tag-china","tag-dialog-economic","tag-jnews_demo_donald-trump","tag-relatii-internationale","tag-statele-unite","tag-tensiuni-comerciale","tag-xi-jinping"],"_links":{"self":[{"href":"https:\/\/www.newsrecorder.ro\/app\/wp-json\/wp\/v2\/posts\/2032","targetHints":{"allow":["GET"]}}],"collection":[{"href":"https:\/\/www.newsrecorder.ro\/app\/wp-json\/wp\/v2\/posts"}],"about":[{"href":"https:\/\/www.newsrecorder.ro\/app\/wp-json\/wp\/v2\/types\/post"}],"author":[{"embeddable":true,"href":"https:\/\/www.newsrecorder.ro\/app\/wp-json\/wp\/v2\/users\/2"}],"replies":[{"embeddable":true,"href":"https:\/\/www.newsrecorder.ro\/app\/wp-json\/wp\/v2\/comments?post=2032"}],"version-history":[{"count":0,"href":"https:\/\/www.newsrecorder.ro\/app\/wp-json\/wp\/v2\/posts\/2032\/revisions"}],"wp:featuredmedia":[{"embeddable":true,"href":"https:\/\/www.newsrecorder.ro\/app\/wp-json\/wp\/v2\/media\/2033"}],"wp:attachment":[{"href":"https:\/\/www.newsrecorder.ro\/app\/wp-json\/wp\/v2\/media?parent=2032"}],"wp:term":[{"taxonomy":"category","embeddable":true,"href":"https:\/\/www.newsrecorder.ro\/app\/wp-json\/wp\/v2\/categories?post=2032"},{"taxonomy":"post_tag","embeddable":true,"href":"https:\/\/www.newsrecorder.ro\/app\/wp-json\/wp\/v2\/tags?post=2032"}],"curies":[{"name":"wp","href":"https:\/\/api.w.org\/{rel}","templated":true}]}}