{"id":2040,"date":"2026-02-09T15:57:50","date_gmt":"2026-02-09T15:57:50","guid":{"rendered":"https:\/\/www.newsrecorder.ro\/app\/2026\/02\/09\/kristina-liscevic-se-intoarce-la-hc-dunarea-braila-ca-antrenor-secund\/"},"modified":"2026-02-09T15:57:50","modified_gmt":"2026-02-09T15:57:50","slug":"kristina-liscevic-se-intoarce-la-hc-dunarea-braila-ca-antrenor-secund","status":"publish","type":"post","link":"https:\/\/www.newsrecorder.ro\/app\/2026\/02\/09\/kristina-liscevic-se-intoarce-la-hc-dunarea-braila-ca-antrenor-secund\/","title":{"rendered":"Kristina Liscevic se \u00eentoarce la HC Dun\u0103rea Br\u0103ila ca antrenor secund!"},"content":{"rendered":"<p>Fostul c\u0103pitan al echipei din Br\u0103ila, Kristina Liscevic, a anun\u021bat c\u0103 se va retrage din activitatea competi\u021bional\u0103 \u00een mai 2025. Aceasta, \u00een v\u00e2rst\u0103 de 35 de ani, a fost medaliat\u0103 cu argint la Campionatul Mondial din 2013 cu na\u021bionala Serbiei \u0219i a evoluat \u00een Rom\u00e2nia din 2019, av\u00e2nd un parcurs la SCM R\u00e2mnicu V\u00e2lcea, iar din 2023 la Dun\u0103rea Br\u0103ila.<\/p>\n<p>\u00cen momentul anun\u021bului retragerii, Liscevic a subliniat emo\u021biile sale, afirm\u00e2nd: \u201eBr\u0103ila va r\u0103m\u00e2ne mereu parte din drumul meu \u0219i a doua mea cas\u0103. Sper ca drumurile noastre s\u0103 se \u00eent\u00e2lneasc\u0103 din nou, \u00eentr-o zi\u201d. Aceste cuvinte au anticipat o re\u00eent\u00e2lnire care acum a devenit realitate, dar dintr-o nou\u0103 perspectiv\u0103 profesional\u0103.<\/p>\n<p>Oficialii clubului o descriu pe Liscevic ca fiind \u201eliderul nostru pe teren\u201d, \u201evocea din vestiar\u201d \u0219i \u201eexemplul de munc\u0103, determinare \u0219i pasiune\u201d, subliniind c\u0103 ea este esen\u021bial\u0103 \u00een structura echipei, fiind parte integrant\u0103 din \u201eADN-ul Dun\u0103rii\u201d.<\/p>\n<p>\u201eBr\u0103ila are un loc special \u00een inima mea, pentru c\u0103 aici am fost juc\u0103toare. C\u00e2nd e greu, unor astfel de oameni nu trebuie s\u0103 le \u00eentorci spatele. De aceea, revenirea mea la club, acum \u00een rolul de antrenor secund, este ceva ce m\u0103 bucur\u0103 cu adev\u0103rat. Vin cu noi provoc\u0103ri \u0219i, indiferent de perioada scurt\u0103, sper s\u0103 reu\u0219esc s\u0103 contribui la echip\u0103 prin munc\u0103, sprijin \u0219i devotament\u201d, a declarat Liscevic la \u00eentoarcerea sa la Br\u0103ila.<\/p>\n<p>\u00cen noua sa func\u021bie, Liscevic va colabora cu antrenorul danez Jensen Soren Norgaard pe banca tehnic\u0103 a clubului. Aceast\u0103 schimbare vine \u00eentr-un moment delicat pentru Dun\u0103rea Br\u0103ila, care se confrunt\u0103 cu o serie de patru \u00eenfr\u00e2ngeri consecutive \u00een campionat, situ\u00e2ndu-se pe locul 8 \u00een clasament.<\/p>\n","protected":false},"excerpt":{"rendered":"<p>Fostul c\u0103pitan al echipei din Br\u0103ila, Kristina Liscevic, a anun\u021bat c\u0103 se va retrage din activitatea competi\u021bional\u0103 \u00een mai 2025. Aceasta, \u00een v\u00e2rst\u0103 de 35 de ani, a fost medaliat\u0103 cu argint la Campionatul Mondial din 2013 cu na\u021bionala Serbiei \u0219i a evoluat \u00een Rom\u00e2nia din 2019, av\u00e2nd un parcurs la SCM R\u00e2mnicu V\u00e2lcea, iar [&hellip;]<\/p>\n","protected":false},"author":6,"featured_media":2041,"comment_status":"open","ping_status":"open","sticky":false,"template":"","format":"standard","meta":{"jnews-multi-image_gallery":[],"jnews_single_post":[],"jnews_primary_category":[],"jnews_override_counter":[],"footnotes":""},"categories":[46],"tags":[104,3499,3497,3496,1254,988,3498,850],"class_list":["post-2040","post","type-post","status-publish","format-standard","has-post-thumbnail","hentry","category-sport","tag-campionatul-mondial","tag-dunarea-braila","tag-echipa-braila","tag-kristina-liscevic","tag-lider","tag-retragere","tag-scm-ramnicu-valcea","tag-sport"],"_links":{"self":[{"href":"https:\/\/www.newsrecorder.ro\/app\/wp-json\/wp\/v2\/posts\/2040","targetHints":{"allow":["GET"]}}],"collection":[{"href":"https:\/\/www.newsrecorder.ro\/app\/wp-json\/wp\/v2\/posts"}],"about":[{"href":"https:\/\/www.newsrecorder.ro\/app\/wp-json\/wp\/v2\/types\/post"}],"author":[{"embeddable":true,"href":"https:\/\/www.newsrecorder.ro\/app\/wp-json\/wp\/v2\/users\/6"}],"replies":[{"embeddable":true,"href":"https:\/\/www.newsrecorder.ro\/app\/wp-json\/wp\/v2\/comments?post=2040"}],"version-history":[{"count":0,"href":"https:\/\/www.newsrecorder.ro\/app\/wp-json\/wp\/v2\/posts\/2040\/revisions"}],"wp:featuredmedia":[{"embeddable":true,"href":"https:\/\/www.newsrecorder.ro\/app\/wp-json\/wp\/v2\/media\/2041"}],"wp:attachment":[{"href":"https:\/\/www.newsrecorder.ro\/app\/wp-json\/wp\/v2\/media?parent=2040"}],"wp:term":[{"taxonomy":"category","embeddable":true,"href":"https:\/\/www.newsrecorder.ro\/app\/wp-json\/wp\/v2\/categories?post=2040"},{"taxonomy":"post_tag","embeddable":true,"href":"https:\/\/www.newsrecorder.ro\/app\/wp-json\/wp\/v2\/tags?post=2040"}],"curies":[{"name":"wp","href":"https:\/\/api.w.org\/{rel}","templated":true}]}}