{"id":2050,"date":"2026-02-09T15:59:04","date_gmt":"2026-02-09T15:59:04","guid":{"rendered":"https:\/\/www.newsrecorder.ro\/app\/2026\/02\/09\/fc-botosani-isi-intareste-echipa-cu-brazilianul-lucas-de-vega-lima\/"},"modified":"2026-02-09T15:59:04","modified_gmt":"2026-02-09T15:59:04","slug":"fc-botosani-isi-intareste-echipa-cu-brazilianul-lucas-de-vega-lima","status":"publish","type":"post","link":"https:\/\/www.newsrecorder.ro\/app\/2026\/02\/09\/fc-botosani-isi-intareste-echipa-cu-brazilianul-lucas-de-vega-lima\/","title":{"rendered":"FC Boto\u0219ani \u00ee\u0219i \u00eent\u0103re\u0219te echipa cu brazilianul Lucas de Vega Lima!"},"content":{"rendered":"<p>N\u0103scut pe 16 ianuarie 2000, \u00een Fortaleza, Lucas de Vega Lima (1,80 m) se al\u0103tur\u0103 echipei FC Boto\u0219ani ca juc\u0103tor liber de contract, dup\u0103 ce a \u00eencheiat colaborarea cu forma\u021bia lituanian\u0103 Panevezys, cu care a ob\u021binut Cupa Lituaniei.<\/p>\n<p>\u00cen cariera sa, Lucas a jucat \u00een Spania la nivel juvenil, evolu\u00e2nd pentru echipele U16, U18 \u0219i U19 ale FC Barcelona. De asemenea, a fost parte din echipa de tineret \u0219i din forma\u021bia secund\u0103 a clubului catalan, Bar\u00e7a Atl\u00e8tic.<\/p>\n<p>Printre alte echipe la care a activat se num\u0103r\u0103 FC Cartagena \u0219i Atl\u00e9tico Baleares, unde a acumulat experien\u021b\u0103 valoroas\u0103.<\/p>\n<p>\u00cen 2019, Lucas a c\u00e2\u0219tigat UEFA Youth League cu echipa U19 a Barcelonei, un moment de referin\u021b\u0103 \u00een cariera sa timpurie.<\/p>\n<p>\u00cen 2022, t\u00e2n\u0103rul mijloca\u0219 a avut ocazia s\u0103 fie convocat \u00een lotul primei echipe a Barcelonei pentru un meci \u00eempotriva celor de la Mallorca, sub conducerea antrenorului Xavi Hernandez.<\/p>\n<p>Av\u00e2nd dubl\u0103 cet\u0103\u021benie, spaniol\u0103 \u0219i brazilian\u0103, Lucas de Vega Lima a reprezentat na\u021bionalele Spaniei U16 \u0219i Braziliei U17, ceea ce subliniaz\u0103 talentul s\u0103u \u0219i versatilitatea pe teren.<\/p>\n<p>Conform platformei de specialitate Transfermarkt, Lucas este evaluat la suma de 350.000 de euro, o dovad\u0103 a poten\u021bialului s\u0103u pe pia\u021ba fotbalistic\u0103.<\/p>\n<p>\u00cen prezent, FC Boto\u0219ani se afl\u0103 pe locul 5 \u00een clasamentul Superligii, av\u00e2nd \u0219anse realiste de a se califica \u00een play-off, iar sosirea lui Lucas ar putea contribui la atingerea acestui obiectiv.<\/p>\n","protected":false},"excerpt":{"rendered":"<p>N\u0103scut pe 16 ianuarie 2000, \u00een Fortaleza, Lucas de Vega Lima (1,80 m) se al\u0103tur\u0103 echipei FC Boto\u0219ani ca juc\u0103tor liber de contract, dup\u0103 ce a \u00eencheiat colaborarea cu forma\u021bia lituanian\u0103 Panevezys, cu care a ob\u021binut Cupa Lituaniei. \u00cen cariera sa, Lucas a jucat \u00een Spania la nivel juvenil, evolu\u00e2nd pentru echipele U16, U18 \u0219i [&hellip;]<\/p>\n","protected":false},"author":6,"featured_media":2051,"comment_status":"open","ping_status":"open","sticky":false,"template":"","format":"standard","meta":{"jnews-multi-image_gallery":[],"jnews_single_post":[],"jnews_primary_category":[],"jnews_override_counter":[],"footnotes":""},"categories":[46],"tags":[3516,3515,3512,3514,99,977,3511,3513],"class_list":["post-2050","post","type-post","status-publish","format-standard","has-post-thumbnail","hentry","category-sport","tag-antrenor-xavi-hernandez","tag-cariera-fotbalistica","tag-cupa-lituaniei","tag-dubla-cetatenie","tag-fc-barcelona","tag-fc-botosani","tag-lucas-de-vega-lima","tag-uefa-youth-league"],"_links":{"self":[{"href":"https:\/\/www.newsrecorder.ro\/app\/wp-json\/wp\/v2\/posts\/2050","targetHints":{"allow":["GET"]}}],"collection":[{"href":"https:\/\/www.newsrecorder.ro\/app\/wp-json\/wp\/v2\/posts"}],"about":[{"href":"https:\/\/www.newsrecorder.ro\/app\/wp-json\/wp\/v2\/types\/post"}],"author":[{"embeddable":true,"href":"https:\/\/www.newsrecorder.ro\/app\/wp-json\/wp\/v2\/users\/6"}],"replies":[{"embeddable":true,"href":"https:\/\/www.newsrecorder.ro\/app\/wp-json\/wp\/v2\/comments?post=2050"}],"version-history":[{"count":0,"href":"https:\/\/www.newsrecorder.ro\/app\/wp-json\/wp\/v2\/posts\/2050\/revisions"}],"wp:featuredmedia":[{"embeddable":true,"href":"https:\/\/www.newsrecorder.ro\/app\/wp-json\/wp\/v2\/media\/2051"}],"wp:attachment":[{"href":"https:\/\/www.newsrecorder.ro\/app\/wp-json\/wp\/v2\/media?parent=2050"}],"wp:term":[{"taxonomy":"category","embeddable":true,"href":"https:\/\/www.newsrecorder.ro\/app\/wp-json\/wp\/v2\/categories?post=2050"},{"taxonomy":"post_tag","embeddable":true,"href":"https:\/\/www.newsrecorder.ro\/app\/wp-json\/wp\/v2\/tags?post=2050"}],"curies":[{"name":"wp","href":"https:\/\/api.w.org\/{rel}","templated":true}]}}