{"id":2058,"date":"2026-02-09T16:00:23","date_gmt":"2026-02-09T16:00:23","guid":{"rendered":"https:\/\/www.newsrecorder.ro\/app\/2026\/02\/09\/uniter-denunta-proiectul-ministerului-culturii-e-un-ecou-al-anilor-80\/"},"modified":"2026-02-09T16:00:23","modified_gmt":"2026-02-09T16:00:23","slug":"uniter-denunta-proiectul-ministerului-culturii-e-un-ecou-al-anilor-80","status":"publish","type":"post","link":"https:\/\/www.newsrecorder.ro\/app\/2026\/02\/09\/uniter-denunta-proiectul-ministerului-culturii-e-un-ecou-al-anilor-80\/","title":{"rendered":"UNITER denun\u021b\u0103 proiectul Ministerului Culturii: E un ecou al anilor &#8217;80!"},"content":{"rendered":"<p>UNITER a exprimat \u00eengrijor\u0103ri profunde cu privire la m\u0103surile propuse de Ministerul Culturii, sus\u021bin\u00e2nd c\u0103 acestea ar putea conduce la o birocratizare excesiv\u0103 \u0219i la o afectare a specificului activit\u0103\u021bilor artistice.<\/p>\n<p>\u201eConsider\u0103m c\u0103 acest proiect nu este altceva dec\u00e2t un proces de birocratizare, destabilizare \u0219i devalorizare a rolului artei \u0219i arti\u0219tilor \u00een societate, o form\u0103 de anulare a vitalit\u0103\u021bii crea\u021biei artistice. Ministerul Culturii pare a dori s\u0103 m\u0103soare nem\u0103surabilul: starea de gra\u021bie, c\u0103utarea, cercetarea, \u00eendoiala \u0219i emo\u021bia \u2014 toate acestea sunt esen\u021biale pentru actul crea\u021biei \u0219i interpret\u0103rii artistice\u201d, au declarat semnatarii scrisorii.<\/p>\n<p>\u00cen cadrul comunicatului, Senatul UNITER a subliniat c\u0103 aceste m\u0103suri sunt lansate \u00eentr-un \u201econtext teatrale vulnerabilizat de bugete substan\u021bial reduse, interimate prelungite \u0219i instabilitate crescut\u0103\u201d. Organiza\u021bia avertizeaz\u0103 c\u0103 o organizare unitar\u0103 \u0219i eviden\u021bierea timpului de lucru ar putea contribui la \u201edecredibilizarea institu\u021biilor de spectacole\u201d \u0219i ar oferi o \u00een\u021belegere \u201elacunar\u0103 a muncii artistice\u201d.<\/p>\n<p>UNITER consider\u0103 c\u0103 demersul este menit s\u0103 \u201edezbine inten\u021bionat\u201d \u0219i reprezint\u0103 \u201eun atac \u00eempotriva unor valori \u0219i principii inalienabile\u201d.<\/p>\n<p>\u201eCalitatea muncii artistice nu poate depinde de o cuantificare bazat\u0103 pe eficien\u021ba imediat\u0103, deoarece aceasta are specificit\u0103\u021bi \u0219i particularit\u0103\u021bi ce nu pot fi \u00eencadrate \u00een normele obi\u0219nuite de reglementare\u201d, au subliniat semnatarii.<\/p>\n<p>Criticile se extind \u0219i asupra cifrelor utilizate \u00een proiect, UNITER afirm\u00e2nd c\u0103 acestea nu reflect\u0103 realitatea muncii din domeniul teatral. \u201eCele 1800 de ore, dintre care 900 dedicate repeti\u021biilor, demonstreaz\u0103 o lips\u0103 de cuno\u0219tin\u021be specifice privind activitatea artistic\u0103, unde orele de munc\u0103 sunt adesea greu de cuantificat. Demersul este profund imoral, av\u00e2nd \u00een vedere reducerea substan\u021bial\u0103 a fondurilor din ultimii ani. A reglementa activit\u0103\u021bile \u00eentr-un context \u00een care institu\u021biile nu dispun de resurse suficiente reprezint\u0103 un act de cinism. Rolul administra\u021biei culturale ar trebui s\u0103 fie acela de a asigura condi\u021biile necesare dezvolt\u0103rii culturii din Rom\u00e2nia, nu de a interveni \u00een micro-managementul acestora prin impunerea unor formulare-tip \u0219i program\u0103ri s\u0103pt\u0103m\u00e2nale\u201d, au ad\u0103ugat semnatarii scrisorii.<\/p>\n<p>Senatul UNITER a remarcat c\u0103 nici m\u0103car \u00een perioada comunist\u0103 nu existau reglement\u0103ri at\u00e2t de rigide. \u201eNe amintim c\u00e2te ore am stat \u00eenchi\u0219i \u00een case \u00een timpul pandemiei, al\u0103turi de arti\u0219ti care ne-au salvat sufletul. A contabilizat cineva rolul social major pe care arta l-a avut \u00een acele momente dificile? Sim\u021bim un parfum de nostalgie al anilor &#8217;80, c\u00e2nd politrucii care nu \u00een\u021belegeau fundamentul muncii artistice \u00eencercau s\u0103 o reglementeze \u00een mod aberant. Nici m\u0103car \u00een perioada comunist\u0103 nu existau reglement\u0103ri at\u00e2t de birocratice. \u00cen cultura noastr\u0103 institu\u021bional\u0103, nu exist\u0103 precedent pentru reglementarea fix\u0103 a orelor de munc\u0103 pentru arti\u0219ti\u201d, au concluzionat semnatarii.<\/p>\n<p>UNITER a cerut o lege a teatrelor, afirm\u00e2nd c\u0103 dezbaterea referitoare la normarea timpului de munc\u0103 ar trebui s\u0103 fie extins\u0103 la reglementarea general\u0103 a teatrului \u00een Rom\u00e2nia, \u00een conformitate cu valorile europene.<\/p>\n<p>\u00cen plus, UNITER solicit\u0103 o administra\u021bie care s\u0103 recunoasc\u0103 faptul c\u0103 arta nu poate fi redus\u0103 la tabele \u0219i unit\u0103\u021bi orare. \u201eCerem cu urgen\u021b\u0103 o administra\u021bie care s\u0103 aib\u0103 \u00eencredere \u00een arti\u0219ti \u0219i \u00een institu\u021biile culturale, care s\u0103 respecte autonomia decizional\u0103 a acestora \u0219i s\u0103 \u00een\u021beleag\u0103 c\u0103 actul artistic se bazeaz\u0103 pe libertate, responsabilitate \u0219i voca\u021bie, nu pe suspiciune, control \u0219i constr\u00e2ngere administrativ\u0103. F\u0103r\u0103 aceast\u0103 \u00een\u021belegere, orice reglementare risc\u0103 s\u0103 devin\u0103 nu un instrument de bun\u0103 guvernare, ci un factor de descurajare, uniformizare \u0219i, \u00een cele din urm\u0103, degradare a vie\u021bii culturale, educa\u021biei \u0219i societ\u0103\u021bii\u201d, au mai spus semnatarii.<\/p>\n","protected":false},"excerpt":{"rendered":"<p>UNITER a exprimat \u00eengrijor\u0103ri profunde cu privire la m\u0103surile propuse de Ministerul Culturii, sus\u021bin\u00e2nd c\u0103 acestea ar putea conduce la o birocratizare excesiv\u0103 \u0219i la o afectare a specificului activit\u0103\u021bilor artistice. \u201eConsider\u0103m c\u0103 acest proiect nu este altceva dec\u00e2t un proces de birocratizare, destabilizare \u0219i devalorizare a rolului artei \u0219i arti\u0219tilor \u00een societate, o form\u0103 [&hellip;]<\/p>\n","protected":false},"author":7,"featured_media":2059,"comment_status":"open","ping_status":"open","sticky":false,"template":"","format":"standard","meta":{"jnews-multi-image_gallery":[],"jnews_single_post":[],"jnews_primary_category":[],"jnews_override_counter":[],"footnotes":""},"categories":[43],"tags":[2367,1610,3064,3532,1622,2835,3531,3530],"class_list":["post-2058","post","type-post","status-publish","format-standard","has-post-thumbnail","hentry","category-cultura","tag-arta","tag-artisti","tag-birocratizare","tag-context-teatral","tag-creatie-artistica","tag-ministerul-culturii","tag-senatul-uniter","tag-uniter"],"_links":{"self":[{"href":"https:\/\/www.newsrecorder.ro\/app\/wp-json\/wp\/v2\/posts\/2058","targetHints":{"allow":["GET"]}}],"collection":[{"href":"https:\/\/www.newsrecorder.ro\/app\/wp-json\/wp\/v2\/posts"}],"about":[{"href":"https:\/\/www.newsrecorder.ro\/app\/wp-json\/wp\/v2\/types\/post"}],"author":[{"embeddable":true,"href":"https:\/\/www.newsrecorder.ro\/app\/wp-json\/wp\/v2\/users\/7"}],"replies":[{"embeddable":true,"href":"https:\/\/www.newsrecorder.ro\/app\/wp-json\/wp\/v2\/comments?post=2058"}],"version-history":[{"count":0,"href":"https:\/\/www.newsrecorder.ro\/app\/wp-json\/wp\/v2\/posts\/2058\/revisions"}],"wp:featuredmedia":[{"embeddable":true,"href":"https:\/\/www.newsrecorder.ro\/app\/wp-json\/wp\/v2\/media\/2059"}],"wp:attachment":[{"href":"https:\/\/www.newsrecorder.ro\/app\/wp-json\/wp\/v2\/media?parent=2058"}],"wp:term":[{"taxonomy":"category","embeddable":true,"href":"https:\/\/www.newsrecorder.ro\/app\/wp-json\/wp\/v2\/categories?post=2058"},{"taxonomy":"post_tag","embeddable":true,"href":"https:\/\/www.newsrecorder.ro\/app\/wp-json\/wp\/v2\/tags?post=2058"}],"curies":[{"name":"wp","href":"https:\/\/api.w.org\/{rel}","templated":true}]}}