{"id":2064,"date":"2026-02-09T16:01:55","date_gmt":"2026-02-09T16:01:55","guid":{"rendered":"https:\/\/www.newsrecorder.ro\/app\/2026\/02\/09\/trump-ataca-show-ul-lui-bad-bunny-de-la-super-bowl-o-insulta-la-america\/"},"modified":"2026-02-09T16:01:55","modified_gmt":"2026-02-09T16:01:55","slug":"trump-ataca-show-ul-lui-bad-bunny-de-la-super-bowl-o-insulta-la-america","status":"publish","type":"post","link":"https:\/\/www.newsrecorder.ro\/app\/2026\/02\/09\/trump-ataca-show-ul-lui-bad-bunny-de-la-super-bowl-o-insulta-la-america\/","title":{"rendered":"Trump atac\u0103 show-ul lui Bad Bunny de la Super Bowl: \u201eO insult\u0103 la America!\u201d"},"content":{"rendered":"<p>Bad Bunny a marcat un moment istoric, devenind primul artist latino care a sus\u021binut un concert solo \u00een timpul pauzei Super Bowl-ului. Spectacolul s\u0103u, desf\u0103\u0219urat integral \u00een limba spaniol\u0103, a fost o s\u0103rb\u0103toare a muzicii latino, cuprinz\u00e2nd stiluri diverse precum reggaeton, salsa \u0219i Latin trap. Evenimentul a fost \u00eembog\u0103\u021bit cu apari\u021bii surpriz\u0103 ale unor personalit\u0103\u021bi renumite din industria muzical\u0103 \u0219i cinematografic\u0103, conform <a href=\"https:\/\/www.euronews.com\/culture\/2026\/02\/09\/donald-trump-slams-bad-bunnys-super-bowl-halftime-show-an-affront-to-the-greatness-of-amer\" target=\"_blank\" rel=\"noopener\">Euronews<\/a>.<\/p>\n<p>Pe l\u00e2ng\u0103 muzic\u0103, Bad Bunny a transmis un mesaj puternic despre identitate, reinterpret\u00e2nd conceptul de \u201eAmerica\u201d ca un spa\u021biu comun pentru toate na\u021biunile de pe continent. Finalul spectacolei a fost marcat de un apel la solidaritate \u0219i incluziune, resping\u00e2nd orice form\u0103 de ur\u0103.<\/p>\n<h2>Reac\u021bii politice \u0219i critici<\/h2>\n<p>Reac\u021biile politice nu s-au l\u0103sat a\u0219teptate. Donald Trump a reac\u021bionat rapid pe re\u021belele sociale, descriind show-ul drept \u201eneinspirat\u201d \u0219i \u201ede ne\u00een\u021beles pentru public\u201d, consider\u00e2ndu-l inadecvat pentru un eveniment urm\u0103rit de milioane de familii.<\/p>\n<p>Critica pre\u0219edintelui se \u00eencadreaz\u0103 \u00eentr-un context mai larg de tensiuni. De-a lungul ultimelor luni, cercurile conservatoare asociate cu mi\u0219carea MAGA au contestat alegerea lui Bad Bunny ca artist principal, invoc\u00e2nd pozi\u021biile sale pro-imigra\u021bie \u0219i criticile fa\u021b\u0103 de agen\u021bia ICE. Artistul a exprimat constant sprijin pentru comunit\u0103\u021bile de migran\u021bi, condamn\u00e2nd violen\u021ba \u0219i discriminarea. Astfel, spectacolul a fost perceput nu doar ca un act artistic, ci \u0219i ca o declara\u021bie politic\u0103.<\/p>\n<p>\u00cen ciuda faptului c\u0103 tab\u0103ra conservatoare a organizat un eveniment alternativ cu o tematic\u0103 patriotic\u0103, audien\u021ba acestuia a fost semnificativ mai mic\u0103 \u00een compara\u021bie cu cea a show-ului principal. Primele estim\u0103ri sugereaz\u0103 c\u0103 performan\u021ba lui Bad Bunny ar putea stabili noi recorduri de audien\u021b\u0103, dep\u0103\u0219ind cifrele din anii anteriori.<\/p>\n<p>Reac\u021biile online au fost diverse, dar majoritatea au fost \u00een favoarea artistului. Mul\u021bi spectatori au apreciat c\u0103 show-ul reflect\u0103 mai bine diversitatea Americii contemporane.<\/p>\n<h2>Cultura pop \u2013 un adev\u0103rat c\u00e2mp de lupt\u0103<\/h2>\n<p>Aceast\u0103 situa\u021bie subliniaz\u0103 din nou cum cultura pop a devenit un adev\u0103rat c\u00e2mp de lupt\u0103 ideologic \u00een Statele Unite. Mesajul de unitate a fost perceput de unii ca fiind natural, \u00een timp ce pentru al\u021bii a fost o provocare direct\u0103.<\/p>\n<p>Este clar c\u0103 show-ul de la Super Bowl din 2026 va r\u0103m\u00e2ne \u00een istorie nu doar ca o realizare muzical\u0103, ci \u0219i ca un episod semnificativ \u00een dezbaterea privind identitatea, imigra\u021bia \u0219i no\u021biunea modern\u0103 de \u201em\u0103re\u021bie\u201d a Americii.<\/p>\n","protected":false},"excerpt":{"rendered":"<p>Bad Bunny a marcat un moment istoric, devenind primul artist latino care a sus\u021binut un concert solo \u00een timpul pauzei Super Bowl-ului. Spectacolul s\u0103u, desf\u0103\u0219urat integral \u00een limba spaniol\u0103, a fost o s\u0103rb\u0103toare a muzicii latino, cuprinz\u00e2nd stiluri diverse precum reggaeton, salsa \u0219i Latin trap. Evenimentul a fost \u00eembog\u0103\u021bit cu apari\u021bii surpriz\u0103 ale unor personalit\u0103\u021bi [&hellip;]<\/p>\n","protected":false},"author":7,"featured_media":2065,"comment_status":"open","ping_status":"open","sticky":false,"template":"","format":"standard","meta":{"jnews-multi-image_gallery":[],"jnews_single_post":[],"jnews_primary_category":[],"jnews_override_counter":[],"footnotes":""},"categories":[43],"tags":[2373,3547,2584,3550,3548,3549,1482,3252],"class_list":["post-2064","post","type-post","status-publish","format-standard","has-post-thumbnail","hentry","category-cultura","tag-bad-bunny","tag-concert-solo","tag-identitate","tag-inclusiune","tag-muzica-latino","tag-reggaeton","tag-solidaritate","tag-super-bowl"],"_links":{"self":[{"href":"https:\/\/www.newsrecorder.ro\/app\/wp-json\/wp\/v2\/posts\/2064","targetHints":{"allow":["GET"]}}],"collection":[{"href":"https:\/\/www.newsrecorder.ro\/app\/wp-json\/wp\/v2\/posts"}],"about":[{"href":"https:\/\/www.newsrecorder.ro\/app\/wp-json\/wp\/v2\/types\/post"}],"author":[{"embeddable":true,"href":"https:\/\/www.newsrecorder.ro\/app\/wp-json\/wp\/v2\/users\/7"}],"replies":[{"embeddable":true,"href":"https:\/\/www.newsrecorder.ro\/app\/wp-json\/wp\/v2\/comments?post=2064"}],"version-history":[{"count":0,"href":"https:\/\/www.newsrecorder.ro\/app\/wp-json\/wp\/v2\/posts\/2064\/revisions"}],"wp:featuredmedia":[{"embeddable":true,"href":"https:\/\/www.newsrecorder.ro\/app\/wp-json\/wp\/v2\/media\/2065"}],"wp:attachment":[{"href":"https:\/\/www.newsrecorder.ro\/app\/wp-json\/wp\/v2\/media?parent=2064"}],"wp:term":[{"taxonomy":"category","embeddable":true,"href":"https:\/\/www.newsrecorder.ro\/app\/wp-json\/wp\/v2\/categories?post=2064"},{"taxonomy":"post_tag","embeddable":true,"href":"https:\/\/www.newsrecorder.ro\/app\/wp-json\/wp\/v2\/tags?post=2064"}],"curies":[{"name":"wp","href":"https:\/\/api.w.org\/{rel}","templated":true}]}}