{"id":2080,"date":"2026-02-09T16:04:51","date_gmt":"2026-02-09T16:04:51","guid":{"rendered":"https:\/\/www.newsrecorder.ro\/app\/2026\/02\/09\/primarii-in-stare-de-revolta-n-am-trait-niciodata-asa-ceva\/"},"modified":"2026-02-09T16:04:51","modified_gmt":"2026-02-09T16:04:51","slug":"primarii-in-stare-de-revolta-n-am-trait-niciodata-asa-ceva","status":"publish","type":"post","link":"https:\/\/www.newsrecorder.ro\/app\/2026\/02\/09\/primarii-in-stare-de-revolta-n-am-trait-niciodata-asa-ceva\/","title":{"rendered":"Primarii \u00een stare de revolt\u0103: \u201eN-am tr\u0103it niciodat\u0103 a\u0219a ceva!\u201d"},"content":{"rendered":"<p>Primarii din Rom\u00e2nia \u00ee\u0219i exprim\u0103 profunda nemul\u021bumire fa\u021b\u0103 de m\u0103surile propuse de Guvernul condus de Ilie Bolojan. Ace\u0219tia consider\u0103 c\u0103 situa\u021bia actual\u0103 este f\u0103r\u0103 precedent \u00een ultimele trei decenii. Printre nemul\u021bumirile exprimate se num\u0103r\u0103 \u0219i salariile considerat insuficiente pentru ale\u0219ii locali. Ion Dumitru, primarul comunei Albota, a declarat la Antena 3 CNN c\u0103 \u201eun salariu de 6.000 de lei pe lun\u0103 pentru un primar este o mare jignire\u201d.<\/p>\n<p>\u201eAm 30 de ani de experien\u021b\u0103 \u00een prim\u0103rie \u0219i am avut opt mandate. Nu am tr\u0103it niciodat\u0103 o perioad\u0103 at\u00e2t de dificil\u0103, nici m\u0103car \u00een timpul domniei lui B\u0103sescu. Situa\u021bia actual\u0103 este extrem de grav\u0103. De asemenea, nu mai primim cotele din sumele defalcate. Este ru\u0219inos ca un primar care conduce o comun\u0103 cu 5.000 de locuitori s\u0103 aib\u0103 un salariu de doar 6.000 de lei pe lun\u0103\u201d, a ad\u0103ugat el. Totu\u0219i, Dumitru a subliniat c\u0103 primarii nu inten\u021bioneaz\u0103 s\u0103 organizeze greve.<\/p>\n<p>\u00cen cur\u00e2nd, sute de primari se vor \u00eent\u00e2lni fa\u021b\u0103 \u00een fa\u021b\u0103 cu premierul Ilie Bolojan. Aceast\u0103 \u00eent\u00e2lnire va avea loc \u00een cadrul Adun\u0103rii Generale a Asocia\u021biei Comunelor, eveniment ce se va desf\u0103\u0219ura la Palatul Parlamentului din Bucure\u0219ti.<\/p>\n<p>Pe l\u00e2ng\u0103 discu\u021biile cu premierul, primarii amenin\u021b\u0103 cu proteste. Mar\u021bi, \u00een peste 1.300 de comune, angaja\u021bii prim\u0103riilor sunt a\u0219tepta\u021bi s\u0103 organizeze o grev\u0103 de avertisment, subliniind astfel gravitatea nemul\u021bumirilor lor. Aceast\u0103 ac\u021biune reflect\u0103 tensiunile cresc\u00e2nde dintre autorit\u0103\u021bile locale \u0219i guvern, iar viitorul r\u0103m\u00e2ne incert pentru comunit\u0103\u021bile afectate.<\/p>\n","protected":false},"excerpt":{"rendered":"<p>Primarii din Rom\u00e2nia \u00ee\u0219i exprim\u0103 profunda nemul\u021bumire fa\u021b\u0103 de m\u0103surile propuse de Guvernul condus de Ilie Bolojan. Ace\u0219tia consider\u0103 c\u0103 situa\u021bia actual\u0103 este f\u0103r\u0103 precedent \u00een ultimele trei decenii. Printre nemul\u021bumirile exprimate se num\u0103r\u0103 \u0219i salariile considerat insuficiente pentru ale\u0219ii locali. Ion Dumitru, primarul comunei Albota, a declarat la Antena 3 CNN c\u0103 \u201eun salariu [&hellip;]<\/p>\n","protected":false},"author":2,"featured_media":2081,"comment_status":"open","ping_status":"open","sticky":false,"template":"","format":"standard","meta":{"jnews-multi-image_gallery":[],"jnews_single_post":[],"jnews_primary_category":[],"jnews_override_counter":[],"footnotes":""},"categories":[42],"tags":[3585,3584,301,302,3583,3582,2593,2978],"class_list":["post-2080","post","type-post","status-publish","format-standard","has-post-thumbnail","hentry","category-politica","tag-antena-3","tag-comune","tag-guvern","tag-ilie-bolojan","tag-local","tag-nemultumire","tag-primari","tag-salarii"],"_links":{"self":[{"href":"https:\/\/www.newsrecorder.ro\/app\/wp-json\/wp\/v2\/posts\/2080","targetHints":{"allow":["GET"]}}],"collection":[{"href":"https:\/\/www.newsrecorder.ro\/app\/wp-json\/wp\/v2\/posts"}],"about":[{"href":"https:\/\/www.newsrecorder.ro\/app\/wp-json\/wp\/v2\/types\/post"}],"author":[{"embeddable":true,"href":"https:\/\/www.newsrecorder.ro\/app\/wp-json\/wp\/v2\/users\/2"}],"replies":[{"embeddable":true,"href":"https:\/\/www.newsrecorder.ro\/app\/wp-json\/wp\/v2\/comments?post=2080"}],"version-history":[{"count":0,"href":"https:\/\/www.newsrecorder.ro\/app\/wp-json\/wp\/v2\/posts\/2080\/revisions"}],"wp:featuredmedia":[{"embeddable":true,"href":"https:\/\/www.newsrecorder.ro\/app\/wp-json\/wp\/v2\/media\/2081"}],"wp:attachment":[{"href":"https:\/\/www.newsrecorder.ro\/app\/wp-json\/wp\/v2\/media?parent=2080"}],"wp:term":[{"taxonomy":"category","embeddable":true,"href":"https:\/\/www.newsrecorder.ro\/app\/wp-json\/wp\/v2\/categories?post=2080"},{"taxonomy":"post_tag","embeddable":true,"href":"https:\/\/www.newsrecorder.ro\/app\/wp-json\/wp\/v2\/tags?post=2080"}],"curies":[{"name":"wp","href":"https:\/\/api.w.org\/{rel}","templated":true}]}}