{"id":2086,"date":"2026-02-09T16:05:45","date_gmt":"2026-02-09T16:05:45","guid":{"rendered":"https:\/\/www.newsrecorder.ro\/app\/2026\/02\/09\/primarul-aradului-propune-transport-public-gratuit-schimbari-legislative-in-vedere\/"},"modified":"2026-02-09T16:05:45","modified_gmt":"2026-02-09T16:05:45","slug":"primarul-aradului-propune-transport-public-gratuit-schimbari-legislative-in-vedere","status":"publish","type":"post","link":"https:\/\/www.newsrecorder.ro\/app\/2026\/02\/09\/primarul-aradului-propune-transport-public-gratuit-schimbari-legislative-in-vedere\/","title":{"rendered":"Primarul Aradului propune transport public gratuit! Schimb\u0103ri legislative \u00een vedere"},"content":{"rendered":"<p>Primarul C\u0103lin Bibar\u021b are un plan ambi\u021bios pentru cet\u0103\u021benii Aradului: introducerea transportului public local gratuit. Aceast\u0103 ini\u021biativ\u0103 este descris\u0103 ca \u201eo m\u0103sur\u0103 concret\u0103 \u0219i realist\u0103 de compensare a efectelor generate de majorarea taxelor \u0219i impozitelor locale\u201d, conform unui comunicat emis de Prim\u0103ria Arad.<\/p>\n<p>\u00cen sprijinul acestei idei, edilul a redactat o scrisoare deschis\u0103 adresat\u0103 parlamentarilor ar\u0103deni, solicit\u00e2ndu-le suportul pentru a promova o modificare legislativ\u0103 esen\u021bial\u0103. Bibar\u021b propune ca legisla\u021bia actual\u0103 s\u0103 ofere consiliilor locale posibilitatea de a adopta transportul public gratuit, ca op\u021biune de politic\u0103 public\u0103 la dispozi\u021bia autorit\u0103\u021bilor locale.<\/p>\n<p>Scopul acestei ini\u021biative nu este doar reducerea poverii fiscale asupra cet\u0103\u021benilor, ci \u0219i consolidarea investi\u021biilor realizate \u00een transportul public local \u00een ultimii ani. Primarul subliniaz\u0103 c\u0103 \u201eaceste investi\u021bii, realizate din fonduri europene \u0219i cofinan\u021bare local\u0103, trebuie s\u0103 se transforme \u00eentr-un beneficiu real, direct, vizibil \u0219i accesibil tuturor ar\u0103denilor.\u201d<\/p>\n<p>\u00cen a\u0219teptarea modific\u0103rii legii, administra\u021bia local\u0103 inten\u021bioneaz\u0103 s\u0103 supun\u0103 aprob\u0103rii Consiliului Local extinderea facilit\u0103\u021bii de transport public gratuit pentru anumite categorii, cum ar fi donatorii de s\u00e2nge \u0219i pensionarii cu v\u00e2rsta sub 70 de ani, care au pensii ce nu dep\u0103\u0219esc media european\u0103.<\/p>\n<p>\u201e\u00cen continuarea ini\u021biativei de a introduce transportul public gratuit \u00een municipiul Arad, bazat\u0103 pe flota modern\u0103 de tramvaie, autobuze \u0219i microbuze electrice noi, am cerut compartimentului juridic s\u0103 analizeze cadrul legal existent pentru a identifica eventualele obstacole legislative. Concluzia analizei este c\u0103 implementarea m\u0103surii necesit\u0103 modific\u0103ri punctuale \u00een dou\u0103 acte normative. Propunerile de modificare legislativ\u0103 au fost deja formulate, \u00eens\u0103, deoarece initiativa legislativ\u0103 revine exclusiv parlamentarilor, acestea vor fi transmise reprezentan\u021bilor Aradului \u00een Parlament, \u00eenso\u021bite de o scrisoare oficial\u0103 care solicit\u0103 depunerea lor spre dezbatere \u0219i adoptare,\u201d a declarat C\u0103lin Bibar\u021b.<\/p>\n<p>Primarul este optimist \u0219i sus\u021bine c\u0103, dac\u0103 propunerile legislative sunt depuse rapid, nu vor exista obstacole ca p\u00e2n\u0103 la finalul sesiunii parlamentare din luna iunie, modific\u0103rile s\u0103 fie publicate \u00een Monitorul Oficial. Astfel, Consiliul Local ar putea adopta ulterior deciziile necesare pentru implementarea efectiv\u0103 a m\u0103surii.<\/p>\n","protected":false},"excerpt":{"rendered":"<p>Primarul C\u0103lin Bibar\u021b are un plan ambi\u021bios pentru cet\u0103\u021benii Aradului: introducerea transportului public local gratuit. Aceast\u0103 ini\u021biativ\u0103 este descris\u0103 ca \u201eo m\u0103sur\u0103 concret\u0103 \u0219i realist\u0103 de compensare a efectelor generate de majorarea taxelor \u0219i impozitelor locale\u201d, conform unui comunicat emis de Prim\u0103ria Arad. \u00cen sprijinul acestei idei, edilul a redactat o scrisoare deschis\u0103 adresat\u0103 parlamentarilor [&hellip;]<\/p>\n","protected":false},"author":2,"featured_media":2087,"comment_status":"open","ping_status":"open","sticky":false,"template":"","format":"standard","meta":{"jnews-multi-image_gallery":[],"jnews_single_post":[],"jnews_primary_category":[],"jnews_override_counter":[],"footnotes":""},"categories":[42],"tags":[3596,3597,3600,532,3599,3601,3598,3595],"class_list":["post-2086","post","type-post","status-publish","format-standard","has-post-thumbnail","hentry","category-politica","tag-arad","tag-calin-bibart","tag-investitii-transport","tag-legislatie","tag-politici-publice","tag-sprijin-parlamentar","tag-taxe-locale","tag-transport-public-gratuit"],"_links":{"self":[{"href":"https:\/\/www.newsrecorder.ro\/app\/wp-json\/wp\/v2\/posts\/2086","targetHints":{"allow":["GET"]}}],"collection":[{"href":"https:\/\/www.newsrecorder.ro\/app\/wp-json\/wp\/v2\/posts"}],"about":[{"href":"https:\/\/www.newsrecorder.ro\/app\/wp-json\/wp\/v2\/types\/post"}],"author":[{"embeddable":true,"href":"https:\/\/www.newsrecorder.ro\/app\/wp-json\/wp\/v2\/users\/2"}],"replies":[{"embeddable":true,"href":"https:\/\/www.newsrecorder.ro\/app\/wp-json\/wp\/v2\/comments?post=2086"}],"version-history":[{"count":0,"href":"https:\/\/www.newsrecorder.ro\/app\/wp-json\/wp\/v2\/posts\/2086\/revisions"}],"wp:featuredmedia":[{"embeddable":true,"href":"https:\/\/www.newsrecorder.ro\/app\/wp-json\/wp\/v2\/media\/2087"}],"wp:attachment":[{"href":"https:\/\/www.newsrecorder.ro\/app\/wp-json\/wp\/v2\/media?parent=2086"}],"wp:term":[{"taxonomy":"category","embeddable":true,"href":"https:\/\/www.newsrecorder.ro\/app\/wp-json\/wp\/v2\/categories?post=2086"},{"taxonomy":"post_tag","embeddable":true,"href":"https:\/\/www.newsrecorder.ro\/app\/wp-json\/wp\/v2\/tags?post=2086"}],"curies":[{"name":"wp","href":"https:\/\/api.w.org\/{rel}","templated":true}]}}