{"id":2092,"date":"2026-02-09T16:06:25","date_gmt":"2026-02-09T16:06:25","guid":{"rendered":"https:\/\/www.newsrecorder.ro\/app\/2026\/02\/09\/kaja-kallas-raspunde-huiduielilor-adresate-lui-jd-vance-la-olimpiada\/"},"modified":"2026-02-09T16:06:25","modified_gmt":"2026-02-09T16:06:25","slug":"kaja-kallas-raspunde-huiduielilor-adresate-lui-jd-vance-la-olimpiada","status":"publish","type":"post","link":"https:\/\/www.newsrecorder.ro\/app\/2026\/02\/09\/kaja-kallas-raspunde-huiduielilor-adresate-lui-jd-vance-la-olimpiada\/","title":{"rendered":"Kaja Kallas r\u0103spunde huiduielilor adresate lui JD Vance la Olimpiad\u0103"},"content":{"rendered":"<p>Kaja Kallas, responsabila cu politica extern\u0103 a Uniunii Europene, a declarat c\u0103 huiduielile adresate vicepre\u0219edintelui american JD Vance la deschiderea Jocurilor Olimpice de iarn\u0103 reflect\u0103 o manifestare de \u201em\u00e2ndrie european\u0103\u201d, \u00een contextul unor comentarii critice recente din partea oficialilor americani la adresa Europei.<\/p>\n<p>Vicepre\u0219edintele Vance, \u00eenso\u021bit de so\u021bia sa, Usha Vance, a fost prezent la ceremonia de deschidere a Jocurilor Olimpice de iarn\u0103, desf\u0103\u0219urat\u0103 s\u0103pt\u0103m\u00e2na trecut\u0103 la Milano-Cortina. Cei doi au fost \u00eent\u00e2mpina\u021bi cu fluier\u0103turi \u0219i huiduieli la stadionul San Siro din Milano, \u00een momentul \u00een care au ap\u0103rut pe un ecran mare, flutur\u00e2nd steaguri americane.<\/p>\n<p>\u201eAm auzit multe comentarii nu tocmai favorabile din partea Statelor Unite referitoare la Europa\u201d, a declarat Kallas, r\u0103spunz\u00e2nd la \u00eentreb\u0103rile jurnali\u0219tilor de la Euronews despre reac\u021biile publicului fa\u021b\u0103 de vicepre\u0219edinte. \u201ePublicul nostru \u00ee\u0219i are m\u00e2ndria sa, m\u00e2ndria european\u0103. A\u0219a c\u0103 acest lucru s-a putut observa\u201d, a ad\u0103ugat ea, conform informa\u021biilor furnizate de <a style=\"color: #0000ff\" href=\"https:\/\/www.politico.eu\/article\/winter-olympics-european-pride-boo-jd-vance-kaja-kallas\/\" target=\"_blank\" rel=\"noopener\">POLITICO<\/a>.<\/p>\n<p>Afirmatiile Kajs Kallas vin \u00eentr-un moment delicat pentru rela\u021biile dintre Uniunea European\u0103 \u0219i Statele Unite, pe fondul tensiunilor crescute \u00eenainte de Conferin\u021ba de securitate de la M\u00fcnchen (MSC), ce se va desf\u0103\u0219ura \u00een aceast\u0103 s\u0103pt\u0103m\u00e2n\u0103, la care vor participa lideri europeni \u0219i membri ai administra\u021biei fostului pre\u0219edinte american, Donald Trump.<\/p>\n<p>Jocurile Olimpice de iarn\u0103 de la Milano-Cortina sunt programate s\u0103 aib\u0103 loc \u00eentre 6 \u0219i 22 februarie 2026.<\/p>\n","protected":false},"excerpt":{"rendered":"<p>Kaja Kallas, responsabila cu politica extern\u0103 a Uniunii Europene, a declarat c\u0103 huiduielile adresate vicepre\u0219edintelui american JD Vance la deschiderea Jocurilor Olimpice de iarn\u0103 reflect\u0103 o manifestare de \u201em\u00e2ndrie european\u0103\u201d, \u00een contextul unor comentarii critice recente din partea oficialilor americani la adresa Europei. Vicepre\u0219edintele Vance, \u00eenso\u021bit de so\u021bia sa, Usha Vance, a fost prezent la [&hellip;]<\/p>\n","protected":false},"author":2,"featured_media":0,"comment_status":"open","ping_status":"open","sticky":false,"template":"","format":"standard","meta":{"jnews-multi-image_gallery":[],"jnews_single_post":[],"jnews_primary_category":[],"jnews_override_counter":[],"footnotes":""},"categories":[41],"tags":[3613,3614,900,833,3611,3612,3615,321],"class_list":["post-2092","post","type-post","status-publish","format-standard","hentry","category-externe","tag-critici-americani","tag-fluieraturi","tag-jd-vance","tag-jocurile-olimpice","tag-kaja-kallas","tag-mandrie-europeana","tag-reactii-publice","tag-uniunea-europeana"],"_links":{"self":[{"href":"https:\/\/www.newsrecorder.ro\/app\/wp-json\/wp\/v2\/posts\/2092","targetHints":{"allow":["GET"]}}],"collection":[{"href":"https:\/\/www.newsrecorder.ro\/app\/wp-json\/wp\/v2\/posts"}],"about":[{"href":"https:\/\/www.newsrecorder.ro\/app\/wp-json\/wp\/v2\/types\/post"}],"author":[{"embeddable":true,"href":"https:\/\/www.newsrecorder.ro\/app\/wp-json\/wp\/v2\/users\/2"}],"replies":[{"embeddable":true,"href":"https:\/\/www.newsrecorder.ro\/app\/wp-json\/wp\/v2\/comments?post=2092"}],"version-history":[{"count":0,"href":"https:\/\/www.newsrecorder.ro\/app\/wp-json\/wp\/v2\/posts\/2092\/revisions"}],"wp:attachment":[{"href":"https:\/\/www.newsrecorder.ro\/app\/wp-json\/wp\/v2\/media?parent=2092"}],"wp:term":[{"taxonomy":"category","embeddable":true,"href":"https:\/\/www.newsrecorder.ro\/app\/wp-json\/wp\/v2\/categories?post=2092"},{"taxonomy":"post_tag","embeddable":true,"href":"https:\/\/www.newsrecorder.ro\/app\/wp-json\/wp\/v2\/tags?post=2092"}],"curies":[{"name":"wp","href":"https:\/\/api.w.org\/{rel}","templated":true}]}}