{"id":2104,"date":"2026-02-09T16:12:32","date_gmt":"2026-02-09T16:12:32","guid":{"rendered":"https:\/\/www.newsrecorder.ro\/app\/2026\/02\/09\/atac-de-film-noir-o-ambuscada-spectaculoasa-in-italia\/"},"modified":"2026-02-09T16:12:32","modified_gmt":"2026-02-09T16:12:32","slug":"atac-de-film-noir-o-ambuscada-spectaculoasa-in-italia","status":"publish","type":"post","link":"https:\/\/www.newsrecorder.ro\/app\/2026\/02\/09\/atac-de-film-noir-o-ambuscada-spectaculoasa-in-italia\/","title":{"rendered":"Atac de film noir: O ambuscad\u0103 spectaculoas\u0103 \u00een Italia!"},"content":{"rendered":"<p>Cazul recent a st\u00e2rnit reac\u021bii vehemente \u00een r\u00e2ndul politicienilor italieni. Mauro D\u2019Attis, deputat \u0219i vicepre\u0219edinte al Comisiei Antimafia din Parlamentul Italiei, precum \u0219i secretar regional al partidului Forza Italia, a abordat o situa\u021bie alarmant\u0103 care a sc\u0103pat de sub control, conform unei reportaj realizat de publica\u021bia <a href=\"https:\/\/www.antennasud.com\/brindisi-assalto-a-un-portavalori-sulla-ss-brindisi-lecce-dattis-fi-in-puglia-e-emergenza-sicurezza\/\" target=\"_blank\" rel=\"noopener\">Antennasud.com<\/a>.<\/p>\n<p>\u201e\u00centre Foggia \u0219i Salento, Puglia se confrunt\u0103 cu o veritabil\u0103 urgen\u021b\u0103 de securitate. Este esen\u021bial s\u0103 demar\u0103m Opera\u021biunea Primavera 2, care presupune o interven\u021bie masiv\u0103 \u0219i rapid\u0103 din partea statului\u201d, a afirmat D\u2019Attis.<\/p>\n<p>Parlamentarul italian a subliniat necesitatea implic\u0103rii directe a ministrului de Interne, Matteo Piantedosi, pe care \u00eel consider\u0103 unul dintre pu\u021binii oficiali care au demonstrat eficien\u021b\u0103 \u00een abordarea problemelor legate de siguran\u021ba public\u0103. \u201e\u00cei cer ministrului Piantedosi, care a dovedit de nenum\u0103rate ori competen\u021b\u0103 \u0219i sensibilitate prin ac\u021biuni concrete, s\u0103 vin\u0103 \u00een Puglia c\u00e2t mai cur\u00e2nd posibil. Nu mai putem tolera alte m\u0103suri \u00eent\u00e2rziate\u201d, a accentuat D\u2019Attis.<\/p>\n<p>\u00cen acest context, D\u2019Attis a men\u021bionat c\u0103, conform unei decizii luate de conducerea Comisiei Antimafia, o misiune oficial\u0103 \u00een Puglia este planificat\u0103 pentru luna martie. Scopul acestei vizite este de a analiza direct fenomenul infrac\u021bional \u0219i metodele de combatere a mafiei locale.<\/p>\n<p>\u201eEste imperativ s\u0103 consolid\u0103m serios for\u021bele de ordine \u0219i resursele acestora pentru a face fa\u021b\u0103 acestui val de insecuritate. Aceasta este o solicitare pe care o lansez nu doar \u00een nume personal, ci \u0219i \u00een numele altor colegi parlamentari \u0219i al \u00eentregii comunit\u0103\u021bi din Puglia\u201d, a \u00eencheiat Mauro D\u2019Attis.<\/p>\n","protected":false},"excerpt":{"rendered":"<p>Cazul recent a st\u00e2rnit reac\u021bii vehemente \u00een r\u00e2ndul politicienilor italieni. Mauro D\u2019Attis, deputat \u0219i vicepre\u0219edinte al Comisiei Antimafia din Parlamentul Italiei, precum \u0219i secretar regional al partidului Forza Italia, a abordat o situa\u021bie alarmant\u0103 care a sc\u0103pat de sub control, conform unei reportaj realizat de publica\u021bia Antennasud.com. \u201e\u00centre Foggia \u0219i Salento, Puglia se confrunt\u0103 cu [&hellip;]<\/p>\n","protected":false},"author":2,"featured_media":2105,"comment_status":"open","ping_status":"open","sticky":false,"template":"","format":"standard","meta":{"jnews-multi-image_gallery":[],"jnews_single_post":[],"jnews_primary_category":[],"jnews_override_counter":[],"footnotes":""},"categories":[41],"tags":[3644,3641,3643,3639,3640,3642,2525,3638],"class_list":["post-2104","post","type-post","status-publish","format-standard","has-post-thumbnail","hentry","category-externe","tag-interventie-masiva","tag-mauro-dattis","tag-ministrul-de-interne","tag-operatiunea-primavera-2","tag-politicieni-italieni","tag-puglia","tag-siguranta-publica","tag-urgenta-de-securitate"],"_links":{"self":[{"href":"https:\/\/www.newsrecorder.ro\/app\/wp-json\/wp\/v2\/posts\/2104","targetHints":{"allow":["GET"]}}],"collection":[{"href":"https:\/\/www.newsrecorder.ro\/app\/wp-json\/wp\/v2\/posts"}],"about":[{"href":"https:\/\/www.newsrecorder.ro\/app\/wp-json\/wp\/v2\/types\/post"}],"author":[{"embeddable":true,"href":"https:\/\/www.newsrecorder.ro\/app\/wp-json\/wp\/v2\/users\/2"}],"replies":[{"embeddable":true,"href":"https:\/\/www.newsrecorder.ro\/app\/wp-json\/wp\/v2\/comments?post=2104"}],"version-history":[{"count":0,"href":"https:\/\/www.newsrecorder.ro\/app\/wp-json\/wp\/v2\/posts\/2104\/revisions"}],"wp:featuredmedia":[{"embeddable":true,"href":"https:\/\/www.newsrecorder.ro\/app\/wp-json\/wp\/v2\/media\/2105"}],"wp:attachment":[{"href":"https:\/\/www.newsrecorder.ro\/app\/wp-json\/wp\/v2\/media?parent=2104"}],"wp:term":[{"taxonomy":"category","embeddable":true,"href":"https:\/\/www.newsrecorder.ro\/app\/wp-json\/wp\/v2\/categories?post=2104"},{"taxonomy":"post_tag","embeddable":true,"href":"https:\/\/www.newsrecorder.ro\/app\/wp-json\/wp\/v2\/tags?post=2104"}],"curies":[{"name":"wp","href":"https:\/\/api.w.org\/{rel}","templated":true}]}}