{"id":2124,"date":"2026-02-09T16:15:49","date_gmt":"2026-02-09T16:15:49","guid":{"rendered":"https:\/\/www.newsrecorder.ro\/app\/2026\/02\/09\/dobanzile-in-romania-scad-vesti-bune-pentru-economii\/"},"modified":"2026-02-09T16:15:49","modified_gmt":"2026-02-09T16:15:49","slug":"dobanzile-in-romania-scad-vesti-bune-pentru-economii","status":"publish","type":"post","link":"https:\/\/www.newsrecorder.ro\/app\/2026\/02\/09\/dobanzile-in-romania-scad-vesti-bune-pentru-economii\/","title":{"rendered":"Dob\u00e2nzile \u00een Rom\u00e2nia scad: Ve\u0219ti bune pentru economii!"},"content":{"rendered":"<p>O veste pozitiv\u0103 pentru Rom\u00e2nia a fost anun\u021bat\u0103 recent de ministrul Finan\u021belor, Alexandru Nazare, care a declarat pe re\u021belele sociale c\u0103 dob\u00e2nzile la \u00eemprumuturile \u00een lei au \u00eenregistrat o sc\u0103dere semnificativ\u0103 \u00een ultima lun\u0103. Aceast\u0103 diminuare variaz\u0103 \u00eentre 10 \u0219i 40 de puncte de baz\u0103 pentru toate maturit\u0103\u021bile, cu o aten\u021bie special\u0103 asupra celor medii, \u00eentre 3 \u0219i 5 ani. Tendin\u021ba de sc\u0103dere a \u00eenceput \u00een ultimul trimestru din 2025 \u0219i continu\u0103 s\u0103 se men\u021bin\u0103 \u0219i la \u00eenceputul anului 2026.<\/p>\n<p>Ministrul Nazare a subliniat importan\u021ba continu\u0103rii acestei tendin\u021be \u00een anul urm\u0103tor: \u201eDac\u0103 vom p\u0103stra linia ajust\u0103rilor fiscale \u0219i dac\u0103 infla\u021bia va sc\u0103dea aproximativ la 4% p\u00e2n\u0103 la sf\u00e2r\u0219itul anului, exist\u0103 posibilitatea ca dob\u00e2nzile \u00een lei s\u0103 coboare sub 6% pentru toate maturit\u0103\u021bile, cu cele pe termen scurt deja sub acest nivel.\u201d<\/p>\n<p>Conform declara\u021biilor sale, aceast\u0103 sc\u0103dere a dob\u00e2nzilor va avea un impact pozitiv asupra costurilor cu dob\u00e2nzile pentru stat \u0219i va beneficia \u0219i companiile, precum \u0219i autorit\u0103\u021bile locale care apeleaz\u0103 la \u00eemprumuturi, av\u00e2nd \u00een vedere c\u0103 dob\u00e2nzile statului constituie un reper pentru \u00eentreaga pia\u021b\u0103.<\/p>\n<p>Pe l\u00e2ng\u0103 sc\u0103derea dob\u00e2nzilor \u00een lei, Nazare a men\u021bionat \u0219i o tendin\u021b\u0103 similar\u0103 pentru \u00eemprumuturile \u00een euro, care au sc\u0103zut cu 20-29 de puncte de baz\u0103 pe maturit\u0103\u021bi medii (3-5 ani) \u0219i cu p\u00e2n\u0103 la 45 de puncte de baz\u0103 pe maturit\u0103\u021bi lungi (6-25 ani). De asemenea, riscul perceput pentru obliga\u021biunile Rom\u00e2niei \u00een euro pe termen de 10 ani a cunoscut o reducere semnificativ\u0103 din iulie 2025, sc\u0103z\u00e2nd de la aproximativ 354 puncte de baz\u0103 la circa 241 puncte de baz\u0103, ceea ce reprezint\u0103 o diminuare de aproximativ 112 puncte de baz\u0103.<\/p>\n<p>Aceste sc\u0103deri sugereaz\u0103 c\u0103 Rom\u00e2nia poate ob\u021bine \u00eemprumuturi la costuri mai mici, ceea ce se traduce prin economii la cheltuielile cu dob\u00e2nzile \u0219i prin redirec\u021bionarea unor sume mai mari c\u0103tre investi\u021bii sau alte nevoi economice. Nazare a subliniat, de asemenea, c\u0103 aceste evolu\u021bii reflect\u0103 o cre\u0219tere a \u00eencrederii investitorilor \u00een economia rom\u00e2neasc\u0103.<\/p>\n<p>\u201eUn obiectiv major r\u0103m\u00e2ne s\u0103 reducem costul suplimentar pe care Rom\u00e2nia \u00eel pl\u0103te\u0219te pentru \u00eemprumuturi comparativ cu alte \u021b\u0103ri din regiune cu acela\u0219i rating, din cauza riscurilor percepute\u201d, a concluzionat ministrul Finan\u021belor, eviden\u021biind angajamentul continuu al guvernului de a \u00eembun\u0103t\u0103\u021bi condi\u021biile economice ale \u021b\u0103rii.<\/p>\n","protected":false},"excerpt":{"rendered":"<p>O veste pozitiv\u0103 pentru Rom\u00e2nia a fost anun\u021bat\u0103 recent de ministrul Finan\u021belor, Alexandru Nazare, care a declarat pe re\u021belele sociale c\u0103 dob\u00e2nzile la \u00eemprumuturile \u00een lei au \u00eenregistrat o sc\u0103dere semnificativ\u0103 \u00een ultima lun\u0103. Aceast\u0103 diminuare variaz\u0103 \u00eentre 10 \u0219i 40 de puncte de baz\u0103 pentru toate maturit\u0103\u021bile, cu o aten\u021bie special\u0103 asupra celor medii, [&hellip;]<\/p>\n","protected":false},"author":4,"featured_media":2125,"comment_status":"open","ping_status":"open","sticky":false,"template":"","format":"standard","meta":{"jnews-multi-image_gallery":[],"jnews_single_post":[],"jnews_primary_category":[],"jnews_override_counter":[],"footnotes":""},"categories":[40],"tags":[1252,3696,3694,1695,778,3695,149,3697],"class_list":["post-2124","post","type-post","status-publish","format-standard","has-post-thumbnail","hentry","category-econonie","tag-1252","tag-ajustari-fiscale","tag-dobanzi","tag-imprumuturi","tag-inflatie","tag-ministrul-finantelor","tag-romania","tag-tendinta"],"_links":{"self":[{"href":"https:\/\/www.newsrecorder.ro\/app\/wp-json\/wp\/v2\/posts\/2124","targetHints":{"allow":["GET"]}}],"collection":[{"href":"https:\/\/www.newsrecorder.ro\/app\/wp-json\/wp\/v2\/posts"}],"about":[{"href":"https:\/\/www.newsrecorder.ro\/app\/wp-json\/wp\/v2\/types\/post"}],"author":[{"embeddable":true,"href":"https:\/\/www.newsrecorder.ro\/app\/wp-json\/wp\/v2\/users\/4"}],"replies":[{"embeddable":true,"href":"https:\/\/www.newsrecorder.ro\/app\/wp-json\/wp\/v2\/comments?post=2124"}],"version-history":[{"count":0,"href":"https:\/\/www.newsrecorder.ro\/app\/wp-json\/wp\/v2\/posts\/2124\/revisions"}],"wp:featuredmedia":[{"embeddable":true,"href":"https:\/\/www.newsrecorder.ro\/app\/wp-json\/wp\/v2\/media\/2125"}],"wp:attachment":[{"href":"https:\/\/www.newsrecorder.ro\/app\/wp-json\/wp\/v2\/media?parent=2124"}],"wp:term":[{"taxonomy":"category","embeddable":true,"href":"https:\/\/www.newsrecorder.ro\/app\/wp-json\/wp\/v2\/categories?post=2124"},{"taxonomy":"post_tag","embeddable":true,"href":"https:\/\/www.newsrecorder.ro\/app\/wp-json\/wp\/v2\/tags?post=2124"}],"curies":[{"name":"wp","href":"https:\/\/api.w.org\/{rel}","templated":true}]}}