{"id":2128,"date":"2026-02-09T16:16:36","date_gmt":"2026-02-09T16:16:36","guid":{"rendered":"https:\/\/www.newsrecorder.ro\/app\/2026\/02\/09\/liderul-laburistilor-scotieni-cere-demisia-lui-keir-starmer-de-ce\/"},"modified":"2026-02-09T16:16:36","modified_gmt":"2026-02-09T16:16:36","slug":"liderul-laburistilor-scotieni-cere-demisia-lui-keir-starmer-de-ce","status":"publish","type":"post","link":"https:\/\/www.newsrecorder.ro\/app\/2026\/02\/09\/liderul-laburistilor-scotieni-cere-demisia-lui-keir-starmer-de-ce\/","title":{"rendered":"Liderul laburi\u0219tilor sco\u021bieni cere demisia lui Keir Starmer! De ce?"},"content":{"rendered":"<p>\u00centr-o declara\u021bie surprinz\u0103toare, Anas Sarwar, liderul Partidului Laburist Sco\u021bian, a cerut, luni, demisia prim-ministrului britanic Keir Starmer. Aceasta reprezint\u0103 o solicitare semnificativ\u0103, av\u00e2nd \u00een vedere c\u0103 Sarwar este unul dintre cei mai importan\u021bi politicieni laburi\u0219ti din Marea Britanie, care \u00ee\u0219i exprim\u0103 nemul\u021bumirea \u00een contextul recentelor dezv\u0103luiri legate de scandalul Epstein, \u00een care este implicat \u0219i Peter Mandelson, ambasadorul Regatului Unit \u00een SUA.<\/p>\n<p>De\u0219i a caracterizat pe Starmer ca fiind \u201eun om decent\u201d, Sarwar a subliniat c\u0103 situa\u021bia de la biroul prim-ministrului \u201enu este suficient de bun\u0103\u201d \u0219i a avertizat c\u0103 aceasta ar putea afecta grav \u0219ansele Partidului Laburist \u00een alegerile din Sco\u021bia, programate pentru luna mai. \u201eAu promis c\u0103 vor fi diferi\u021bi, dar s-au \u00eent\u00e2mplat prea multe. Nu putem permite ca e\u0219ecurile de la Downing Street s\u0103 afecteze \u0219i aici, \u00een Sco\u021bia\u201d, a declarat Sarwar, conform <a style=\"color: #0000ff\" href=\"https:\/\/www.abc.net.au\/news\/2026-02-10\/scottish-labour-leader-calls-for-starmer-to-resign\/106324396\" target=\"_blank\" rel=\"noopener\">ABC<\/a>.<\/p>\n<p>Presiunea asupra lui Keir Starmer a crescut considerabil, \u00een special dup\u0103 decizia sa de a-l numi pe Peter Mandelson ca ambasador al Regatului Unit \u00een Statele Unite. Noile informa\u021bii din dosarele Epstein au scos la iveal\u0103 leg\u0103turile str\u00e2nse dintre Mandelson \u0219i Jeffrey Epstein, ceea ce a st\u00e2rnit controverse.<\/p>\n<p>Documentele prezentau acuza\u021bii conform c\u0103rora Mandelson ar fi transmis informa\u021bii guvernamentale sensibile lui Epstein \u0219i ar fi men\u021binut rela\u021bii cu acesta, chiar \u0219i dup\u0103 condamnarea lui pentru infrac\u021biuni grave.<\/p>\n<p>Referitor la aceste dezv\u0103luiri, Peter Mandelson a fost demis de Starmer din func\u021bia de ambasador anul trecut, iar s\u0103pt\u0103m\u00e2na trecut\u0103, el a hot\u0103r\u00e2t s\u0103 <a style=\"color: #0000ff\" href=\"https:\/\/www.mediafax.ro\/externe\/un-fost-ministru-britanic-demisioneaza-din-partidul-laburist-dupa-noi-dezvaluiri-legate-de-epstein-23680019\">demisioneze din Partidul Laburist<\/a>, explic\u00e2nd c\u0103 nu dore\u0219te s\u0103 aduc\u0103 \u201e\u0219i mai mult\u0103 jen\u0103\u201d organiza\u021biei politice. \u00centr-o scrisoare adresat\u0103 partidului, Mandelson a men\u021bionat: \u201e\u00cen acest weekend am fost asociat din nou cu indignarea justificat\u0103 generat\u0103 de cazul Jeffrey Epstein \u0219i \u00eemi pare r\u0103u pentru asta.\u201d<\/p>\n<p>Mai mult, el a contestat acuza\u021biile referitoare la pl\u0103\u021bi \u0219i a declarat c\u0103 inten\u021bioneaz\u0103 s\u0103 le verifice, ad\u0103ug\u00e2nd: \u201e\u00cen timp ce fac acest lucru, nu doresc s\u0103 cauzez o jen\u0103 \u0219i mai mare Partidului Laburist \u0219i, prin urmare, renun\u021b la calitatea de membru al partidului.\u201d<\/p>\n<p>\u00cen urma acestor evenimente, prim-ministrul Keir Starmer a emis scuze publice adresate victimelor lui Jeffrey Epstein, recunosc\u00e2nd c\u0103 regret\u0103 alegerea lui Mandelson \u00een func\u021bia de ambasador, av\u00e2nd \u00een vedere leg\u0103turile acestuia cu fostul infractor sexual. Starmer a explicat c\u0103, \u00een momentul numirii lui Mandelson \u00een decembrie 2024, nu era con\u0219tient de apropierea dintre cei doi \u0219i a afirmat c\u0103 informa\u021biile disponibile la acea vreme nu sugerau o eventual\u0103 problem\u0103.<\/p>\n<p>\u201eVreau s\u0103 le spun (victimelor): \u00cemi pare r\u0103u. \u00cemi pare r\u0103u pentru ceea ce vi s-a f\u0103cut, \u00eemi pare r\u0103u c\u0103 at\u00e2t de mul\u021bi oameni cu putere v-au dezam\u0103git, \u00eemi pare r\u0103u c\u0103 am crezut minciunile lui Mandelson \u0219i l-am numit,\u201d a declarat Starmer, subliniind astfel angajamentul s\u0103u fa\u021b\u0103 de victimile acestui scandal.<\/p>\n","protected":false},"excerpt":{"rendered":"<p>\u00centr-o declara\u021bie surprinz\u0103toare, Anas Sarwar, liderul Partidului Laburist Sco\u021bian, a cerut, luni, demisia prim-ministrului britanic Keir Starmer. Aceasta reprezint\u0103 o solicitare semnificativ\u0103, av\u00e2nd \u00een vedere c\u0103 Sarwar este unul dintre cei mai importan\u021bi politicieni laburi\u0219ti din Marea Britanie, care \u00ee\u0219i exprim\u0103 nemul\u021bumirea \u00een contextul recentelor dezv\u0103luiri legate de scandalul Epstein, \u00een care este implicat \u0219i [&hellip;]<\/p>\n","protected":false},"author":2,"featured_media":2129,"comment_status":"open","ping_status":"open","sticky":false,"template":"","format":"standard","meta":{"jnews-multi-image_gallery":[],"jnews_single_post":[],"jnews_primary_category":[],"jnews_override_counter":[],"footnotes":""},"categories":[39],"tags":[1042,3704,2079,899,3705,3275,3706,3707],"class_list":["post-2128","post","type-post","status-publish","format-standard","has-post-thumbnail","hentry","category-stirile-zilei","tag-alegeri","tag-anas-sarwar","tag-demisie","tag-keir-starmer","tag-partidul-laburist","tag-politicieni","tag-scandal-epstein","tag-scotia"],"_links":{"self":[{"href":"https:\/\/www.newsrecorder.ro\/app\/wp-json\/wp\/v2\/posts\/2128","targetHints":{"allow":["GET"]}}],"collection":[{"href":"https:\/\/www.newsrecorder.ro\/app\/wp-json\/wp\/v2\/posts"}],"about":[{"href":"https:\/\/www.newsrecorder.ro\/app\/wp-json\/wp\/v2\/types\/post"}],"author":[{"embeddable":true,"href":"https:\/\/www.newsrecorder.ro\/app\/wp-json\/wp\/v2\/users\/2"}],"replies":[{"embeddable":true,"href":"https:\/\/www.newsrecorder.ro\/app\/wp-json\/wp\/v2\/comments?post=2128"}],"version-history":[{"count":0,"href":"https:\/\/www.newsrecorder.ro\/app\/wp-json\/wp\/v2\/posts\/2128\/revisions"}],"wp:featuredmedia":[{"embeddable":true,"href":"https:\/\/www.newsrecorder.ro\/app\/wp-json\/wp\/v2\/media\/2129"}],"wp:attachment":[{"href":"https:\/\/www.newsrecorder.ro\/app\/wp-json\/wp\/v2\/media?parent=2128"}],"wp:term":[{"taxonomy":"category","embeddable":true,"href":"https:\/\/www.newsrecorder.ro\/app\/wp-json\/wp\/v2\/categories?post=2128"},{"taxonomy":"post_tag","embeddable":true,"href":"https:\/\/www.newsrecorder.ro\/app\/wp-json\/wp\/v2\/tags?post=2128"}],"curies":[{"name":"wp","href":"https:\/\/api.w.org\/{rel}","templated":true}]}}