{"id":2138,"date":"2026-02-09T19:12:44","date_gmt":"2026-02-09T19:12:44","guid":{"rendered":"https:\/\/www.newsrecorder.ro\/app\/2026\/02\/09\/avertizare-hidrologica-rauri-in-pericol-de-depasire-a-cotelor\/"},"modified":"2026-02-09T19:12:44","modified_gmt":"2026-02-09T19:12:44","slug":"avertizare-hidrologica-rauri-in-pericol-de-depasire-a-cotelor","status":"publish","type":"post","link":"https:\/\/www.newsrecorder.ro\/app\/2026\/02\/09\/avertizare-hidrologica-rauri-in-pericol-de-depasire-a-cotelor\/","title":{"rendered":"Avertizare hidrologic\u0103: R\u00e2uri \u00een pericol de dep\u0103\u0219ire a cotelor!"},"content":{"rendered":"<p>\u00cen contextul manifest\u0103rii fenomenelor meteorologice periculoase, Inspectoratul pentru Situa\u021bii de Urgen\u021b\u0103 Buz\u0103u a desf\u0103\u0219urat nu mai pu\u021bin de 21 de misiuni pentru evacuarea apei din locuin\u021be, gospod\u0103rii \u0219i diverse obiective economice. Aceste interven\u021bii s-au concentrat \u00een special \u00een municipiile Buz\u0103u \u0219i R\u00e2mnicu S\u0103rat, precum \u0219i \u00een localit\u0103\u021bile Tis\u0103u, Istri\u021ba de Jos (comuna S\u0103h\u0103teni), Coste\u0219ti, Vipere\u0219ti, Afuma\u021bi (comuna P\u00e2rscov), Topliceni, Podgoria, Lipia (comuna Merei), S\u0103tuc (comuna Berca) \u0219i Buda (comuna Buda).<\/p>\n<p>\u00cen prezent, echipele de interven\u021bie sunt active pe \u0218oseaua Sp\u0103tarului din municipiul Buz\u0103u, dar \u0219i \u00een comuna Verne\u0219ti \u0219i localitatea S\u0103tuc din comuna Berca, pentru a continua evacuarea apei.<\/p>\n<p>De asemenea, \u00een localitatea Mierea, accesul c\u0103tre cele 25 de locuin\u021be afectate se poate realiza momentan doar cu autoturisme, av\u00e2nd \u00een vedere condi\u021biile dificile create de inunda\u021bii.<\/p>\n<p>\u00cen urma cererilor de ajutor, pompierii din Buz\u0103u au fost solicita\u021bi pentru interven\u021bii suplimentare de evacuare a apei \u00een mai multe zone, inclusiv:<\/p>\n<ul>\n<li>Municipiul Buz\u0103u, depozit en-gros, sos. Br\u0103ilei;<\/li>\n<li>Municipiul Buz\u0103u, locuin\u021b\u0103, str. Prim\u0103verii;<\/li>\n<li>Localitatea S\u0103tuc, comuna Berca, locuin\u021b\u0103;<\/li>\n<li>Localitatea Buda, comuna Buda, locuin\u021b\u0103.<\/li>\n<\/ul>\n<p>Ac\u021biunile se concentreaz\u0103 pe eliminarea efectelor negative cauzate de inunda\u021bii.<\/p>\n<p>\u00centr-o actualizare important\u0103, hidrologii au emis avertiz\u0103ri cu privire la scurgeri semnificative pe versan\u021bi, toren\u021bi \u0219i p\u00e2raie, preconiz\u00e2nd viituri rapide pe r\u00e2urile mici, cu riscuri de inunda\u021bii locale. Ace\u0219tia au semnalat, de asemenea, cre\u0219teri de debite \u0219i niveluri pe anumite r\u00e2uri din bazinele hidrografice afectate, care ar putea dep\u0103\u0219i cotele de ap\u0103rare.<\/p>\n<p>\u201eAv\u00e2nd \u00een vedere situa\u021bia hidrometeorologic\u0103 actual\u0103 \u0219i prognoza pentru urm\u0103toarele 24 de ore, ca urmare a propag\u0103rii viiturilor formate anterior \u00een amonte, a precipita\u021biilor prognozate \u0219i ced\u0103rii apei din stratul de z\u0103pad\u0103, se actualizeaz\u0103 Avertizarea Hidrologic\u0103 nr. 12 din 05.02.2026\u201d, au declarat speciali\u0219tii de la Apele Rom\u00e2ne.<\/p>\n<p>\u00cen acest context, a fost emis un <strong>cod galben<\/strong> valabil \u00eentre 06.02.2026, ora 12:00 \u0219i 07.02.2026, ora 12:00, viz\u00e2nd r\u00e2urile din bazinele hidrografice precum Teleajen, Cricovul S\u0103rat, S\u0103rata, C\u0103lm\u0103\u0163ui, Ni\u015fcov \u0219i Buz\u0103u, pe sectoare specifice.<\/p>\n<p>De asemenea, \u00een intervalul 06.02.2026, ora 12:00 \u2013 06.02.2026, ora 18:00, este activ un <strong>cod portocaliu<\/strong> pe r\u00e2urile Teleajen \u0219i Ni\u015fcov.<\/p>\n<p>Se subliniaz\u0103 c\u0103 Avertizarea Hidrologic\u0103 pentru celelalte bazine hidrografice va fi ridicat\u0103 \u00eencep\u00e2nd cu data de 06.02.2026, ora 12:00. Totu\u0219i, fenomenelor hidrologice poten\u021bial periculoase ar putea ap\u0103rea \u0219i pe afluen\u021bii de grad inferior ai r\u00e2urilor men\u021bionate, precum \u0219i pe cursurile de ap\u0103 necadastrate din bazinele hidrografice vizate.<\/p>\n","protected":false},"excerpt":{"rendered":"<p>\u00cen contextul manifest\u0103rii fenomenelor meteorologice periculoase, Inspectoratul pentru Situa\u021bii de Urgen\u021b\u0103 Buz\u0103u a desf\u0103\u0219urat nu mai pu\u021bin de 21 de misiuni pentru evacuarea apei din locuin\u021be, gospod\u0103rii \u0219i diverse obiective economice. Aceste interven\u021bii s-au concentrat \u00een special \u00een municipiile Buz\u0103u \u0219i R\u00e2mnicu S\u0103rat, precum \u0219i \u00een localit\u0103\u021bile Tis\u0103u, Istri\u021ba de Jos (comuna S\u0103h\u0103teni), Coste\u0219ti, Vipere\u0219ti, [&hellip;]<\/p>\n","protected":false},"author":5,"featured_media":2139,"comment_status":"open","ping_status":"open","sticky":false,"template":"","format":"standard","meta":{"jnews-multi-image_gallery":[],"jnews_single_post":[],"jnews_primary_category":[],"jnews_override_counter":[],"footnotes":""},"categories":[45],"tags":[3721,3036,3720,1838,2880,3037,3039,3041],"class_list":["post-2138","post","type-post","status-publish","format-standard","has-post-thumbnail","hentry","category-meteo","tag-buzu","tag-evacuare-apa","tag-inspectorat-situatii-de-urgenta","tag-interventii","tag-inundatii","tag-localitati-afectate","tag-pompieri","tag-ramnicu-sarat"],"_links":{"self":[{"href":"https:\/\/www.newsrecorder.ro\/app\/wp-json\/wp\/v2\/posts\/2138","targetHints":{"allow":["GET"]}}],"collection":[{"href":"https:\/\/www.newsrecorder.ro\/app\/wp-json\/wp\/v2\/posts"}],"about":[{"href":"https:\/\/www.newsrecorder.ro\/app\/wp-json\/wp\/v2\/types\/post"}],"author":[{"embeddable":true,"href":"https:\/\/www.newsrecorder.ro\/app\/wp-json\/wp\/v2\/users\/5"}],"replies":[{"embeddable":true,"href":"https:\/\/www.newsrecorder.ro\/app\/wp-json\/wp\/v2\/comments?post=2138"}],"version-history":[{"count":0,"href":"https:\/\/www.newsrecorder.ro\/app\/wp-json\/wp\/v2\/posts\/2138\/revisions"}],"wp:featuredmedia":[{"embeddable":true,"href":"https:\/\/www.newsrecorder.ro\/app\/wp-json\/wp\/v2\/media\/2139"}],"wp:attachment":[{"href":"https:\/\/www.newsrecorder.ro\/app\/wp-json\/wp\/v2\/media?parent=2138"}],"wp:term":[{"taxonomy":"category","embeddable":true,"href":"https:\/\/www.newsrecorder.ro\/app\/wp-json\/wp\/v2\/categories?post=2138"},{"taxonomy":"post_tag","embeddable":true,"href":"https:\/\/www.newsrecorder.ro\/app\/wp-json\/wp\/v2\/tags?post=2138"}],"curies":[{"name":"wp","href":"https:\/\/api.w.org\/{rel}","templated":true}]}}