{"id":2150,"date":"2026-02-09T19:15:30","date_gmt":"2026-02-09T19:15:30","guid":{"rendered":"https:\/\/www.newsrecorder.ro\/app\/2026\/02\/09\/de-la-frig-si-ninsoare-la-10-grade-cand-ne-asteptam-la-primavara\/"},"modified":"2026-02-09T19:15:30","modified_gmt":"2026-02-09T19:15:30","slug":"de-la-frig-si-ninsoare-la-10-grade-cand-ne-asteptam-la-primavara","status":"publish","type":"post","link":"https:\/\/www.newsrecorder.ro\/app\/2026\/02\/09\/de-la-frig-si-ninsoare-la-10-grade-cand-ne-asteptam-la-primavara\/","title":{"rendered":"De la frig \u0219i ninsoare la 10 grade: C\u00e2nd ne a\u0219tept\u0103m la prim\u0103var\u0103?"},"content":{"rendered":"<p>Vremea va continua s\u0103 fie rece \u00een urm\u0103toarele zile, \u00eens\u0103 o \u00eembun\u0103t\u0103\u021bire semnificativ\u0103 a temperaturilor este anticipat\u0103 \u00een a doua parte a s\u0103pt\u0103m\u00e2nii.<\/p>\n<p>\u00centr-o declara\u021bie recent\u0103 la Digi24, Florinela Georgescu, directorul de prognoz\u0103 al Administra\u021biei Na\u021bionale de Meteorologie (ANM), a subliniat c\u0103, de\u0219i sudul \u021b\u0103rii a fost acoperit de ninsori abundente \u00een noaptea de duminic\u0103 spre luni, condi\u021biile meteorologice se vor ameliora \u00een cur\u00e2nd. La Bucure\u0219ti, stratul de z\u0103pad\u0103 m\u0103soar\u0103 \u00eentre 12 \u0219i 15 centimetri, iar distribu\u021bia acestuia este neuniform\u0103 din cauza viscolului care a avut loc pe parcursul nop\u021bii.<\/p>\n<p>\u201ePentru urm\u0103toarele zile, ne a\u0219tept\u0103m la o pauz\u0103 \u00een precipita\u021bii \u00een zona Bucure\u0219tiului, cel pu\u021bin p\u00e2n\u0103 miercuri. La nivel na\u021bional, precipita\u021biile vor fi restr\u00e2nse \u0219i cu cantit\u0103\u021bi slabe,\u201d a explicat Florinela Georgescu la Digi24.<\/p>\n<p>Temperaturile vor r\u0103m\u00e2ne negative, chiar \u0219i pe timpul zilei \u00een anumite regiuni, iar o nou\u0103 noapte geroas\u0103 se preconizeaz\u0103. \u201eEste important s\u0103 urm\u0103rim evolu\u021bia termic\u0103, deoarece ast\u0103zi va fi extrem de frig \u00een estul \u021b\u0103rii, incluz\u00e2nd Moldova, Dobrogea, Muntenia \u0219i partea de sud-est a Transilvaniei. Aici, maximele nu vor dep\u0103\u0219i 0 grade. \u00cen nordul Moldovei, valorile termice vor r\u0103m\u00e2ne sub minus 10 grade pe parcursul zilei. La Bucure\u0219ti, a\u0219tept\u0103m o maxim\u0103 de minus 4 grade, \u00een prezent fiind minus 7. Noaptea care urmeaz\u0103 va fi din nou geroas\u0103, fiind cea mai rece din aceast\u0103 perioad\u0103, cu ger ce se va resim\u021bi pe \u00eentreaga parte de est \u0219i sud a \u021b\u0103rii,\u201d a ad\u0103ugat meteorologul.<\/p>\n<p>\u00cen a doua parte a s\u0103pt\u0103m\u00e2nii, se preconizeaz\u0103 o \u00eenc\u0103lzire a vremii, cu temperaturi care ar putea ajunge p\u00e2n\u0103 la 10 grade Celsius. <\/p>\n<p><strong>\u201eEstim\u0103m c\u0103 \u00een a doua jum\u0103tate a s\u0103pt\u0103m\u00e2nii, toate regiunile \u021b\u0103rii vor experimenta o \u00eenc\u0103lzire. Este posibil ca vineri \u0219i s\u00e2mb\u0103t\u0103, valorile termice s\u0103 dep\u0103\u0219easc\u0103 0 grade chiar \u0219i pe timpul nop\u021bii, ceea ce ar indica o \u00eenc\u0103lzire semnificativ\u0103. Vor fi maxime de peste 10 grade \u00een multe zone,\u201d<\/strong> a declarat Florinela Georgescu la Digi24.<\/p>\n<p>Cu toate acestea, meteorologul subliniaz\u0103 c\u0103 este pu\u021bin probabil ca acesta s\u0103 fie ultimul episod de iarn\u0103. \u201eProbabilitatea ca acest lucru s\u0103 fie ultimul episod de iarn\u0103 este sc\u0103zut\u0103. Mai degrab\u0103, ne a\u0219tept\u0103m la schimb\u0103ri \u00een regimul termic \u0219i precipita\u021bii la intervale de 3-4 zile, deoarece circula\u021bia atmosferic\u0103 la nivelul continentului european este foarte activ\u0103. Suntem influen\u021ba\u021bi at\u00e2t de masele de aer rece din nord \u0219i nord-est, c\u00e2t \u0219i de activitatea ciclonic\u0103 cu aer mai cald din sud \u0219i vest,\u201d a concluzionat Georgescu.<\/p>\n","protected":false},"excerpt":{"rendered":"<p>Vremea va continua s\u0103 fie rece \u00een urm\u0103toarele zile, \u00eens\u0103 o \u00eembun\u0103t\u0103\u021bire semnificativ\u0103 a temperaturilor este anticipat\u0103 \u00een a doua parte a s\u0103pt\u0103m\u00e2nii. \u00centr-o declara\u021bie recent\u0103 la Digi24, Florinela Georgescu, directorul de prognoz\u0103 al Administra\u021biei Na\u021bionale de Meteorologie (ANM), a subliniat c\u0103, de\u0219i sudul \u021b\u0103rii a fost acoperit de ninsori abundente \u00een noaptea de duminic\u0103 [&hellip;]<\/p>\n","protected":false},"author":5,"featured_media":2151,"comment_status":"open","ping_status":"open","sticky":false,"template":"","format":"standard","meta":{"jnews-multi-image_gallery":[],"jnews_single_post":[],"jnews_primary_category":[],"jnews_override_counter":[],"footnotes":""},"categories":[45],"tags":[1816,362,127,135,132,126,1142,2343],"class_list":["post-2150","post","type-post","status-publish","format-standard","has-post-thumbnail","hentry","category-meteo","tag-administratia-nationala-de-meteorologie","tag-bucuresti","tag-ninsori","tag-precipitatii","tag-prognoza","tag-temperaturi","tag-viscol","tag-vremea"],"_links":{"self":[{"href":"https:\/\/www.newsrecorder.ro\/app\/wp-json\/wp\/v2\/posts\/2150","targetHints":{"allow":["GET"]}}],"collection":[{"href":"https:\/\/www.newsrecorder.ro\/app\/wp-json\/wp\/v2\/posts"}],"about":[{"href":"https:\/\/www.newsrecorder.ro\/app\/wp-json\/wp\/v2\/types\/post"}],"author":[{"embeddable":true,"href":"https:\/\/www.newsrecorder.ro\/app\/wp-json\/wp\/v2\/users\/5"}],"replies":[{"embeddable":true,"href":"https:\/\/www.newsrecorder.ro\/app\/wp-json\/wp\/v2\/comments?post=2150"}],"version-history":[{"count":0,"href":"https:\/\/www.newsrecorder.ro\/app\/wp-json\/wp\/v2\/posts\/2150\/revisions"}],"wp:featuredmedia":[{"embeddable":true,"href":"https:\/\/www.newsrecorder.ro\/app\/wp-json\/wp\/v2\/media\/2151"}],"wp:attachment":[{"href":"https:\/\/www.newsrecorder.ro\/app\/wp-json\/wp\/v2\/media?parent=2150"}],"wp:term":[{"taxonomy":"category","embeddable":true,"href":"https:\/\/www.newsrecorder.ro\/app\/wp-json\/wp\/v2\/categories?post=2150"},{"taxonomy":"post_tag","embeddable":true,"href":"https:\/\/www.newsrecorder.ro\/app\/wp-json\/wp\/v2\/tags?post=2150"}],"curies":[{"name":"wp","href":"https:\/\/api.w.org\/{rel}","templated":true}]}}