{"id":2192,"date":"2026-02-10T04:42:08","date_gmt":"2026-02-10T04:42:08","guid":{"rendered":"https:\/\/www.newsrecorder.ro\/app\/2026\/02\/10\/bolojan-stabilitatea-coalitiei-cheia-pentru-scaderea-costurilor\/"},"modified":"2026-02-10T04:42:08","modified_gmt":"2026-02-10T04:42:08","slug":"bolojan-stabilitatea-coalitiei-cheia-pentru-scaderea-costurilor","status":"publish","type":"post","link":"https:\/\/www.newsrecorder.ro\/app\/2026\/02\/10\/bolojan-stabilitatea-coalitiei-cheia-pentru-scaderea-costurilor\/","title":{"rendered":"Bolojan: Stabilitatea coali\u021biei, cheia pentru sc\u0103derea costurilor!"},"content":{"rendered":"<p>\u201eInevitabil, se va ajunge la anumite voturi \u00een Parlament, iar testarea coali\u021biei se va face la aceste voturi\u201d, a declarat Bolojan, subliniind importan\u021ba stabilit\u0103\u021bii politice pentru func\u021bionarea eficient\u0103 a guvernului.<\/p>\n<p>El a continuat s\u0103 explice c\u0103, pentru cet\u0103\u021benii de r\u00e2nd, o coali\u021bie care nu reu\u0219e\u0219te s\u0103 colaboreze eficient poate duce la blocarea proiectelor deja ini\u021biate \u0219i la \u00eent\u00e2rzierea ob\u021binerii rezultatelor dorite. \u201eCeea ce spun eu este c\u0103, cu c\u00e2t o coali\u021bie func\u021bioneaz\u0103 mai coerent \u0219i \u00ee\u0219i urm\u0103re\u0219te obiectivele esen\u021biale, dat fiind contextul dificil \u00een care se afl\u0103 Rom\u00e2nia, cu at\u00e2t mai repede putem scoate \u021bara din aceast\u0103 situa\u021bie, cu costuri mult mai reduse pentru cet\u0103\u021beni \u0219i cu o perioad\u0103 de recuperare mai scurt\u0103. Aceasta depinde de fiecare dintre noi\u201d, a subliniat prim-ministrul.<\/p>\n<p>Referitor la criticile aduse de primarul PSD, Constantin Toma, care a men\u021bionat un posibil \u201ejoc periculos\u201d din partea partidului, Bolojan a afirmat c\u0103 nu poate specula asupra inten\u021biilor politice ale PSD. \u201e\u00cen condi\u021biile \u00een care tensiunile dintr-o coali\u021bie dep\u0103\u0219esc limitele normale \u0219i atacurile afecteaz\u0103 \u00eencrederea, devine dificil de crezut c\u0103 aceast\u0103 coali\u021bie mai are puterea de a avansa. Sper s\u0103 nu ajungem \u00een aceast\u0103 situa\u021bie. \u00cemi doresc stabilitate, deoarece schimb\u0103rile frecvente de guverne sau de mini\u0219tri nu aduc beneficii nici pentru \u021bar\u0103, nici pentru domeniile de responsabilitate ale acestora. Ar fi ideal s\u0103 avem o stabilitate minim\u0103, astfel \u00eenc\u00e2t s\u0103 existe predictibilitate \u00een privin\u021ba m\u0103surilor adoptate\u201d, a ad\u0103ugat Bolojan, accentu\u00e2nd necesitatea unei coali\u021bii unite \u0219i func\u021bionale. <\/p>\n","protected":false},"excerpt":{"rendered":"<p>\u201eInevitabil, se va ajunge la anumite voturi \u00een Parlament, iar testarea coali\u021biei se va face la aceste voturi\u201d, a declarat Bolojan, subliniind importan\u021ba stabilit\u0103\u021bii politice pentru func\u021bionarea eficient\u0103 a guvernului. El a continuat s\u0103 explice c\u0103, pentru cet\u0103\u021benii de r\u00e2nd, o coali\u021bie care nu reu\u0219e\u0219te s\u0103 colaboreze eficient poate duce la blocarea proiectelor deja ini\u021biate [&hellip;]<\/p>\n","protected":false},"author":2,"featured_media":2193,"comment_status":"open","ping_status":"open","sticky":false,"template":"","format":"standard","meta":{"jnews-multi-image_gallery":[],"jnews_single_post":[],"jnews_primary_category":[],"jnews_override_counter":[],"footnotes":""},"categories":[42],"tags":[289,636,3751,444,443,187,149,3750],"class_list":["post-2192","post","type-post","status-publish","format-standard","has-post-thumbnail","hentry","category-politica","tag-cetateni","tag-coalitie","tag-colaborare-eficienta","tag-parlament","tag-prim-ministru","tag-proiecte","tag-romania","tag-stabilitate-politica"],"_links":{"self":[{"href":"https:\/\/www.newsrecorder.ro\/app\/wp-json\/wp\/v2\/posts\/2192","targetHints":{"allow":["GET"]}}],"collection":[{"href":"https:\/\/www.newsrecorder.ro\/app\/wp-json\/wp\/v2\/posts"}],"about":[{"href":"https:\/\/www.newsrecorder.ro\/app\/wp-json\/wp\/v2\/types\/post"}],"author":[{"embeddable":true,"href":"https:\/\/www.newsrecorder.ro\/app\/wp-json\/wp\/v2\/users\/2"}],"replies":[{"embeddable":true,"href":"https:\/\/www.newsrecorder.ro\/app\/wp-json\/wp\/v2\/comments?post=2192"}],"version-history":[{"count":0,"href":"https:\/\/www.newsrecorder.ro\/app\/wp-json\/wp\/v2\/posts\/2192\/revisions"}],"wp:featuredmedia":[{"embeddable":true,"href":"https:\/\/www.newsrecorder.ro\/app\/wp-json\/wp\/v2\/media\/2193"}],"wp:attachment":[{"href":"https:\/\/www.newsrecorder.ro\/app\/wp-json\/wp\/v2\/media?parent=2192"}],"wp:term":[{"taxonomy":"category","embeddable":true,"href":"https:\/\/www.newsrecorder.ro\/app\/wp-json\/wp\/v2\/categories?post=2192"},{"taxonomy":"post_tag","embeddable":true,"href":"https:\/\/www.newsrecorder.ro\/app\/wp-json\/wp\/v2\/tags?post=2192"}],"curies":[{"name":"wp","href":"https:\/\/api.w.org\/{rel}","templated":true}]}}