{"id":2198,"date":"2026-02-10T04:43:12","date_gmt":"2026-02-10T04:43:12","guid":{"rendered":"https:\/\/www.newsrecorder.ro\/app\/2026\/02\/10\/ilie-bolojan-avertizeaza-pnl-nu-trebuie-sa-devina-ca-usr-sau-psd\/"},"modified":"2026-02-10T04:43:12","modified_gmt":"2026-02-10T04:43:12","slug":"ilie-bolojan-avertizeaza-pnl-nu-trebuie-sa-devina-ca-usr-sau-psd","status":"publish","type":"post","link":"https:\/\/www.newsrecorder.ro\/app\/2026\/02\/10\/ilie-bolojan-avertizeaza-pnl-nu-trebuie-sa-devina-ca-usr-sau-psd\/","title":{"rendered":"Ilie Bolojan avertizeaz\u0103: PNL nu trebuie s\u0103 devin\u0103 ca USR sau PSD!"},"content":{"rendered":"<p>\u00centr-un interviu acordat luni seara la Digi24, premierul Ilie Bolojan a abordat subiectul disputelor interne din cadrul Partidului Na\u021bional Liberal (PNL) \u0219i acuza\u021biile formulate de anumi\u021bi colegi de partid.<\/p>\n<p>\u0218eful Guvernului a subliniat c\u0103 discu\u021biile interne au fost generate de necesitatea reformei \u0219i a \u00eembun\u0103t\u0103\u021birii performan\u021bei partidului. R\u0103spunz\u00e2nd la \u00eentreb\u0103rile despre a\u0219a-zisul \u201epuci\u201d din PNL, Bolojan a respins ideea c\u0103 aceste conflicte ar fi fost cauzate de actele de guvernare.<\/p>\n<p>\u201eTensiunile au ap\u0103rut din dorin\u021ba de re\u00eennoire a partidului\u201d, a explicat premierul. El a subliniat c\u0103 aceste discu\u021bii nu sunt legate de politicile guvernamentale, ci de necesitatea de a \u00eenlocui organiza\u021biile \u0219i colegii care nu au \u00eenregistrat rezultate remarcabile.<\/p>\n<p>Bolojan a afirmat c\u0103 performan\u021ba ar trebui s\u0103 fie principalul criteriu \u00een orice organiza\u021bie, fie c\u0103 este vorba despre un partid, un minister sau o institu\u021bie public\u0103. \u201eDac\u0103 dorim s\u0103 avem rezultate, trebuie s\u0103 sus\u021binem cei mai competen\u021bi oameni \u00een func\u021bii decizionale\u201d, a ad\u0103ugat el.<\/p>\n<p>Un exemplu concret men\u021bionat de premier a fost alegerea lui Ciprian Ciucu ca primar general al Bucure\u0219tiului, un candidat sus\u021binut de PNL, care a demonstrat o munc\u0103 dedicat\u0103 \u0219i a c\u00e2\u0219tigat \u00eencrederea cet\u0103\u021benilor.<\/p>\n<p>Ilie Bolojan a recunoscut c\u0103 unii dintre colegii viza\u021bi de schimb\u0103ri nu au fost de acord s\u0103 fac\u0103 un pas \u00een lateral, \u00een ciuda faptului c\u0103 statutul partidului prevede acest lucru pentru cei cu rezultate slabe. \u201eAm dorit s\u0103 implement\u0103m aceste modific\u0103ri, dar unii colegi nu au vrut s\u0103 accepte\u201d, a explicat el.<\/p>\n<p>\u00cen continuare, premierul a subliniat c\u0103 cet\u0103\u021benii Rom\u00e2niei sunt mai interesa\u021bi de problemele reale cu care se confrunt\u0103 \u021bara, dec\u00e2t de conflictele interne ale partidului.<\/p>\n<p>Acuza\u021biile formulate de Hubert Thuma, vicepre\u0219edintele PNL, au fost \u0219i ele subiect de discu\u021bie. Thuma l-a acuzat pe Bolojan c\u0103 nu a sus\u021binut candidatura lui Crin Antonescu la alegerile preziden\u021biale. Premierul a respins aceste acuza\u021bii, afirm\u00e2nd c\u0103 \u201eRom\u00e2nii sunt cei care au decis cine a intrat \u00een turul doi \u0219i cine a c\u00e2\u0219tigat alegerile, iar noi trebuie s\u0103 respect\u0103m acest vot\u201d.<\/p>\n<p>Bolojan a explicat c\u0103, \u00een momentul respectiv, se afla \u00een postura de pre\u0219edinte interimar \u0219i c\u0103 nu avea legitimitatea unui vot popular, contextul fiind unul foarte tensionat. El a ad\u0103ugat c\u0103 specula\u021biile ulterioare nu au avut \u201eniciun fundament real\u201d.<\/p>\n<p>Referitor la acuza\u021biile de \u201euserizare\u201d a PNL, premierul a men\u021bionat c\u0103 a c\u0103utat \u00eentotdeauna s\u0103 se \u00eenconjoare de profesioni\u0219ti, aleg\u00e2nd colegi capabili \u00een domeniile respective. \u201ePNL nu trebuie s\u0103 se userizeze sau s\u0103 se pesedizeze. Trebuie s\u0103 r\u0103m\u00e2n\u0103 un partid care contribuie la modernizarea Rom\u00e2niei, p\u0103str\u00e2ndu-\u0219i tradi\u021biile \u0219i sus\u021bin\u00e2nd oamenii muncitori din \u021bar\u0103\u201d, a concluzionat Bolojan.<\/p>\n","protected":false},"excerpt":{"rendered":"<p>\u00centr-un interviu acordat luni seara la Digi24, premierul Ilie Bolojan a abordat subiectul disputelor interne din cadrul Partidului Na\u021bional Liberal (PNL) \u0219i acuza\u021biile formulate de anumi\u021bi colegi de partid. \u0218eful Guvernului a subliniat c\u0103 discu\u021biile interne au fost generate de necesitatea reformei \u0219i a \u00eembun\u0103t\u0103\u021birii performan\u021bei partidului. R\u0103spunz\u00e2nd la \u00eentreb\u0103rile despre a\u0219a-zisul \u201epuci\u201d din PNL, [&hellip;]<\/p>\n","protected":false},"author":2,"featured_media":2199,"comment_status":"open","ping_status":"open","sticky":false,"template":"","format":"standard","meta":{"jnews-multi-image_gallery":[],"jnews_single_post":[],"jnews_primary_category":[],"jnews_override_counter":[],"footnotes":""},"categories":[42],"tags":[3758,526,2385,307,521,972,627,2039],"class_list":["post-2198","post","type-post","status-publish","format-standard","has-post-thumbnail","hentry","category-politica","tag-disputa","tag-guvernare","tag-iliescu","tag-organizatie","tag-partide","tag-performanta","tag-pnl","tag-reforma"],"_links":{"self":[{"href":"https:\/\/www.newsrecorder.ro\/app\/wp-json\/wp\/v2\/posts\/2198","targetHints":{"allow":["GET"]}}],"collection":[{"href":"https:\/\/www.newsrecorder.ro\/app\/wp-json\/wp\/v2\/posts"}],"about":[{"href":"https:\/\/www.newsrecorder.ro\/app\/wp-json\/wp\/v2\/types\/post"}],"author":[{"embeddable":true,"href":"https:\/\/www.newsrecorder.ro\/app\/wp-json\/wp\/v2\/users\/2"}],"replies":[{"embeddable":true,"href":"https:\/\/www.newsrecorder.ro\/app\/wp-json\/wp\/v2\/comments?post=2198"}],"version-history":[{"count":0,"href":"https:\/\/www.newsrecorder.ro\/app\/wp-json\/wp\/v2\/posts\/2198\/revisions"}],"wp:featuredmedia":[{"embeddable":true,"href":"https:\/\/www.newsrecorder.ro\/app\/wp-json\/wp\/v2\/media\/2199"}],"wp:attachment":[{"href":"https:\/\/www.newsrecorder.ro\/app\/wp-json\/wp\/v2\/media?parent=2198"}],"wp:term":[{"taxonomy":"category","embeddable":true,"href":"https:\/\/www.newsrecorder.ro\/app\/wp-json\/wp\/v2\/categories?post=2198"},{"taxonomy":"post_tag","embeddable":true,"href":"https:\/\/www.newsrecorder.ro\/app\/wp-json\/wp\/v2\/tags?post=2198"}],"curies":[{"name":"wp","href":"https:\/\/api.w.org\/{rel}","templated":true}]}}