{"id":2202,"date":"2026-02-10T04:43:58","date_gmt":"2026-02-10T04:43:58","guid":{"rendered":"https:\/\/www.newsrecorder.ro\/app\/2026\/02\/10\/ilie-bolojan-oamenii-nu-sustin-cresterea-impozitelor-in-harghita-si-covasna\/"},"modified":"2026-02-10T04:43:58","modified_gmt":"2026-02-10T04:43:58","slug":"ilie-bolojan-oamenii-nu-sustin-cresterea-impozitelor-in-harghita-si-covasna","status":"publish","type":"post","link":"https:\/\/www.newsrecorder.ro\/app\/2026\/02\/10\/ilie-bolojan-oamenii-nu-sustin-cresterea-impozitelor-in-harghita-si-covasna\/","title":{"rendered":"Ilie Bolojan: \u201eOamenii nu sus\u021bin cre\u0219terea impozitelor \u00een Harghita \u0219i Covasna\u201d"},"content":{"rendered":"<p>Premierul Ilie Bolojan a abordat, \u00een cadrul unei interven\u021bii la Digi24, protestele recente care au avut loc \u00een jude\u021bele Harghita \u0219i Covasna, unde cet\u0103\u021benii s-au mobilizat \u00een strad\u0103 din cauza major\u0103rii impozitelor locale.<\/p>\n<p>\u00cen declara\u021biile sale, premierul a subliniat c\u0103 analiza situa\u021biei nu poate fi realizat\u0103 dintr-o singur\u0103 perspectiv\u0103 \u0219i c\u0103 sunt mai mul\u021bi factori care trebuie lua\u021bi \u00een considerare.<\/p>\n<p>R\u0103spunz\u00e2nd la \u00eentrebarea dac\u0103 aceste proteste sunt o excep\u021bie sau dac\u0103 exist\u0103 particularit\u0103\u021bi specifice acestor jude\u021be, Ilie Bolojan a recunoscut c\u0103 nu poate oferi o evaluare precis\u0103. \u201eNu pot s\u0103 fac o apreciere cu exactitate. \u00cen mod cert, am \u00een\u021beles c\u0103 cre\u0219terea de impozite pe ma\u0219ini a fost mult mai mare dec\u00e2t cea minim\u0103 stabilit\u0103 prin lege,\u201d a afirmat el.<\/p>\n<p>Premierul a ad\u0103ugat c\u0103 nemul\u021bumirile cet\u0103\u021benilor pot fi influen\u021bate de diverse aspecte, nu doar de impozitele locale. \u201eE posibil s\u0103 fie \u0219i alte aspecte care \u021bin de problemele sociale din localitate sau de campanii care au loc \u00een vecin\u0103tate. E posibil s\u0103 existe \u0219i datorit\u0103 mizelor politice,\u201d a explicat Bolojan, subliniind c\u0103, \u00een astfel de contexte, \u201elucrurile se pot prezenta \u00eentr-o formul\u0103 sau alta.\u201d<\/p>\n<p>Un alt subiect abordat a fost cel al cet\u0103\u021benilor cu dubl\u0103 cet\u0103\u021benie din zon\u0103, care au dreptul de a participa la alegerile din Ungaria. \u00cen acest context, premierul a afirmat: \u201eDa, e dreptul acestor cet\u0103\u021beni rom\u00e2ni \u0219i maghiari s\u0103 voteze.\u201d<\/p>\n<p>Bolojan a recunoscut c\u0103 cre\u0219terea impozitelor nu este o m\u0103sur\u0103 bine primit\u0103 de popula\u021bie, spun\u00e2nd: \u201e\u00cen mod cert, cre\u0219terea de impozite nu este un lucru pe care \u00eel aplaud\u0103 oamenii. Am spus, nici nou\u0103 nu ne place s\u0103 pl\u0103tim o tax\u0103 de parcare \u00een plus sau ceva.\u201d<\/p>\n<p>\u201eNu mai putea merge \u00een aceast\u0103 form\u0103,\u201d a concluzionat premierul.<\/p>\n<p>Protestele au continuat, iar dup\u0103 manifesta\u021biile din Covasna, Miercurea Ciuc \u0219i Odorheiu Secuiesc, s\u00e2mb\u0103t\u0103, cet\u0103\u021benii au ie\u0219it \u00een strad\u0103 \u0219i la Gheorgheni, \u00een jude\u021bul Harghita. Aproximativ 1.000 de persoane au protestat \u00eempotriva cre\u0219terii taxelor \u0219i impozitelor locale, exprim\u00e2ndu-\u0219i nemul\u021bumirea fa\u021b\u0103 de scumpirile recente care le afecteaz\u0103 via\u021ba de zi cu zi.<\/p>\n<p>Protestatarii au declarat c\u0103 major\u0103rile din acest an le afecteaz\u0103 direct nivelul de trai, iar presiunea financiar\u0103 a devenit greu de suportat. Mul\u021bi dintre ei au men\u021bionat c\u0103 taxele locale s-au dublat sau chiar triplat, \u00een timp ce veniturile nu reu\u0219esc s\u0103 \u021bin\u0103 pasul cu aceste cre\u0219teri.<\/p>\n<p>\u00cen timpul manifesta\u021biei, oamenii au cerut ie\u0219irea UDMR de la guvernare, acuz\u00e2nd partidul c\u0103 sus\u021bine politici ce \u00eei \u00eempov\u0103reaz\u0103 pe cet\u0103\u021beni \u0219i care sunt decise departe de realit\u0103\u021bile locale. De asemenea, participan\u021bii la proteste au \u00eenceput s\u0103 semneze peti\u021bii care urmeaz\u0103 s\u0103 fie \u00eenaintate premierului Ilie Bolojan.<\/p>\n<p>Prin aceste demersuri, ei solicit\u0103 ca, p\u00e2n\u0103 la adoptarea bugetului, s\u0103 fie aprobat\u0103 o lege care s\u0103 permit\u0103 autorit\u0103\u021bilor locale s\u0103 reduc\u0103 taxele \u0219i impozitele acolo unde este necesar, \u00een sprijinul persoanelor cu dizabilit\u0103\u021bi, al celor singure \u0219i al celor f\u0103r\u0103 posibilit\u0103\u021bi financiare.<\/p>\n","protected":false},"excerpt":{"rendered":"<p>Premierul Ilie Bolojan a abordat, \u00een cadrul unei interven\u021bii la Digi24, protestele recente care au avut loc \u00een jude\u021bele Harghita \u0219i Covasna, unde cet\u0103\u021benii s-au mobilizat \u00een strad\u0103 din cauza major\u0103rii impozitelor locale. \u00cen declara\u021biile sale, premierul a subliniat c\u0103 analiza situa\u021biei nu poate fi realizat\u0103 dintr-o singur\u0103 perspectiv\u0103 \u0219i c\u0103 sunt mai mul\u021bi factori [&hellip;]<\/p>\n","protected":false},"author":2,"featured_media":2203,"comment_status":"open","ping_status":"open","sticky":false,"template":"","format":"standard","meta":{"jnews-multi-image_gallery":[],"jnews_single_post":[],"jnews_primary_category":[],"jnews_override_counter":[],"footnotes":""},"categories":[42],"tags":[356,3764,3763,302,787,3765,3766,1035],"class_list":["post-2202","post","type-post","status-publish","format-standard","has-post-thumbnail","hentry","category-politica","tag-analiza-situatiei","tag-covasna","tag-harghita","tag-ilie-bolojan","tag-impozite","tag-nemultumiri","tag-probleme-sociale","tag-proteste"],"_links":{"self":[{"href":"https:\/\/www.newsrecorder.ro\/app\/wp-json\/wp\/v2\/posts\/2202","targetHints":{"allow":["GET"]}}],"collection":[{"href":"https:\/\/www.newsrecorder.ro\/app\/wp-json\/wp\/v2\/posts"}],"about":[{"href":"https:\/\/www.newsrecorder.ro\/app\/wp-json\/wp\/v2\/types\/post"}],"author":[{"embeddable":true,"href":"https:\/\/www.newsrecorder.ro\/app\/wp-json\/wp\/v2\/users\/2"}],"replies":[{"embeddable":true,"href":"https:\/\/www.newsrecorder.ro\/app\/wp-json\/wp\/v2\/comments?post=2202"}],"version-history":[{"count":0,"href":"https:\/\/www.newsrecorder.ro\/app\/wp-json\/wp\/v2\/posts\/2202\/revisions"}],"wp:featuredmedia":[{"embeddable":true,"href":"https:\/\/www.newsrecorder.ro\/app\/wp-json\/wp\/v2\/media\/2203"}],"wp:attachment":[{"href":"https:\/\/www.newsrecorder.ro\/app\/wp-json\/wp\/v2\/media?parent=2202"}],"wp:term":[{"taxonomy":"category","embeddable":true,"href":"https:\/\/www.newsrecorder.ro\/app\/wp-json\/wp\/v2\/categories?post=2202"},{"taxonomy":"post_tag","embeddable":true,"href":"https:\/\/www.newsrecorder.ro\/app\/wp-json\/wp\/v2\/tags?post=2202"}],"curies":[{"name":"wp","href":"https:\/\/api.w.org\/{rel}","templated":true}]}}