{"id":2208,"date":"2026-02-10T05:13:43","date_gmt":"2026-02-10T05:13:43","guid":{"rendered":"https:\/\/www.newsrecorder.ro\/app\/2026\/02\/10\/perchezitii-spectaculoase-in-coreea-de-sud-dupa-atacul-cu-drone-catre-nord\/"},"modified":"2026-02-10T05:13:43","modified_gmt":"2026-02-10T05:13:43","slug":"perchezitii-spectaculoase-in-coreea-de-sud-dupa-atacul-cu-drone-catre-nord","status":"publish","type":"post","link":"https:\/\/www.newsrecorder.ro\/app\/2026\/02\/10\/perchezitii-spectaculoase-in-coreea-de-sud-dupa-atacul-cu-drone-catre-nord\/","title":{"rendered":"Perchezi\u021bii spectaculoase \u00een Coreea de Sud dup\u0103 atacul cu drone c\u0103tre Nord!"},"content":{"rendered":"<p>Coreea de Nord a lansat acuza\u021bii \u00eempotriva Coreei de Sud, sus\u021bin\u00e2nd c\u0103 aceasta din urm\u0103 a trimis o dron\u0103 pe teritoriul s\u0103u la \u00eenceputul lunii ianuarie. Potrivit agen\u021biei oficiale de \u0219tiri KCNA, Phenianul a reu\u0219it s\u0103 doboare drona \u00een apropierea ora\u0219ului Kaesong, situat \u00een apropierea grani\u021bei intercoreene. Aceast\u0103 afirma\u021bie a fost corelat\u0103 cu un incident similar din septembrie, c\u00e2nd Coreea de Nord a raportat un zbor de dron\u0103 sud-coreean \u00een zona ora\u0219ului de frontier\u0103 Paju, conform informa\u021biilor publicate de <a href=\"https:\/\/www.lefigaro.fr\/international\/les-autorites-sud-coreennes-perquisitionnent-les-services-de-renseignements-apres-l-envoi-de-drones-vers-le-nord-20260210\" target=\"_blank\" rel=\"noopener\">Le Figaro<\/a>.<\/p>\n<p>\u00cen replic\u0103, Seulul a negat orice implicare a guvernului sau a for\u021belor armate, suger\u00e2nd c\u0103 responsabilitatea ar putea reveni unor civili. Cu toate acestea, autorit\u0103\u021bile sud-coreene au anun\u021bat mar\u021bi c\u0103 efectueaz\u0103 investiga\u021bii asupra a trei solda\u021bi \u0219i unui ofi\u021ber de informa\u021bii suspecta\u021bi de a fi implica\u021bi \u00een acest incident.<\/p>\n<p>Perchezi\u021biile au fost efectuate \u00een 18 loca\u021bii, inclusiv la Comandamentul de Informa\u021bii al Ap\u0103r\u0103rii \u0219i \u00een cadrul Serviciului Na\u021bional de Informa\u021bii, conform unui comunicat oficial.<\/p>\n<p>Trei civili au fost acuza\u021bi \u00een leg\u0103tur\u0103 cu rolul lor \u00een scandalul dronelor. Unul dintre ace\u0219tia a recunoscut public responsabilitatea sa, afirm\u00e2nd c\u0103 a pilotat drona cu scopul de a m\u0103sura nivelurile de contaminare cu radia\u021bii \u0219i metale grele \u00een jurul unei uzine de procesare a uraniului din Coreea de Nord.<\/p>\n<p>\u00cen contextul tensiunilor intercoreene, pre\u0219edintele Lee Jae-myung a condamnat survolul, avertiz\u00e2nd c\u0103 astfel de ac\u021biuni ar putea duce la un conflict militar. De asemenea, predecesorul s\u0103u, Yoon Suk-yeol, se afl\u0103 \u00een prezent \u00een fa\u021ba justi\u021biei pentru c\u0103 a ordonat survoluri ilegale cu drone c\u0103tre Coreea de Nord, cu scopul de a provoca o reac\u021bie din partea Phenianului \u0219i a utiliza acest incident ca pretext pentru o tentativ\u0103 e\u0219uat\u0103 de a impune legea mar\u021bial\u0103. Yoon a fost pus sub acuzare \u00een aprilie anul trecut pentru acest demers. Este important de men\u021bionat c\u0103 Coreea de Sud \u0219i Coreea de Nord sunt, \u00een continuare, \u00een stare tehnic\u0103 de r\u0103zboi, deoarece nu a fost semnat niciun tratat de pace dup\u0103 conflictul din 1950-1953.<\/p>\n","protected":false},"excerpt":{"rendered":"<p>Coreea de Nord a lansat acuza\u021bii \u00eempotriva Coreei de Sud, sus\u021bin\u00e2nd c\u0103 aceasta din urm\u0103 a trimis o dron\u0103 pe teritoriul s\u0103u la \u00eenceputul lunii ianuarie. Potrivit agen\u021biei oficiale de \u0219tiri KCNA, Phenianul a reu\u0219it s\u0103 doboare drona \u00een apropierea ora\u0219ului Kaesong, situat \u00een apropierea grani\u021bei intercoreene. Aceast\u0103 afirma\u021bie a fost corelat\u0103 cu un incident [&hellip;]<\/p>\n","protected":false},"author":2,"featured_media":2209,"comment_status":"open","ping_status":"open","sticky":false,"template":"","format":"standard","meta":{"jnews-multi-image_gallery":[],"jnews_single_post":[],"jnews_primary_category":[],"jnews_override_counter":[],"footnotes":""},"categories":[41],"tags":[907,410,3776,3780,3777,508,3778,3779],"class_list":["post-2208","post","type-post","status-publish","format-standard","has-post-thumbnail","hentry","category-externe","tag-coreea-de-nord","tag-coreea-de-sud","tag-drona","tag-forte-armate","tag-incidente-intercoreene","tag-investigatii","tag-kaesong","tag-paju"],"_links":{"self":[{"href":"https:\/\/www.newsrecorder.ro\/app\/wp-json\/wp\/v2\/posts\/2208","targetHints":{"allow":["GET"]}}],"collection":[{"href":"https:\/\/www.newsrecorder.ro\/app\/wp-json\/wp\/v2\/posts"}],"about":[{"href":"https:\/\/www.newsrecorder.ro\/app\/wp-json\/wp\/v2\/types\/post"}],"author":[{"embeddable":true,"href":"https:\/\/www.newsrecorder.ro\/app\/wp-json\/wp\/v2\/users\/2"}],"replies":[{"embeddable":true,"href":"https:\/\/www.newsrecorder.ro\/app\/wp-json\/wp\/v2\/comments?post=2208"}],"version-history":[{"count":0,"href":"https:\/\/www.newsrecorder.ro\/app\/wp-json\/wp\/v2\/posts\/2208\/revisions"}],"wp:featuredmedia":[{"embeddable":true,"href":"https:\/\/www.newsrecorder.ro\/app\/wp-json\/wp\/v2\/media\/2209"}],"wp:attachment":[{"href":"https:\/\/www.newsrecorder.ro\/app\/wp-json\/wp\/v2\/media?parent=2208"}],"wp:term":[{"taxonomy":"category","embeddable":true,"href":"https:\/\/www.newsrecorder.ro\/app\/wp-json\/wp\/v2\/categories?post=2208"},{"taxonomy":"post_tag","embeddable":true,"href":"https:\/\/www.newsrecorder.ro\/app\/wp-json\/wp\/v2\/tags?post=2208"}],"curies":[{"name":"wp","href":"https:\/\/api.w.org\/{rel}","templated":true}]}}