{"id":2212,"date":"2026-02-10T05:14:29","date_gmt":"2026-02-10T05:14:29","guid":{"rendered":"https:\/\/www.newsrecorder.ro\/app\/2026\/02\/10\/victoria-surprinzatoare-a-partidului-takaichi-in-alegerile-din-japonia\/"},"modified":"2026-02-10T05:14:29","modified_gmt":"2026-02-10T05:14:29","slug":"victoria-surprinzatoare-a-partidului-takaichi-in-alegerile-din-japonia","status":"publish","type":"post","link":"https:\/\/www.newsrecorder.ro\/app\/2026\/02\/10\/victoria-surprinzatoare-a-partidului-takaichi-in-alegerile-din-japonia\/","title":{"rendered":"Victoria surprinz\u0103toare a partidului Takaichi \u00een alegerile din Japonia!"},"content":{"rendered":"<p>Recent, Partidul Liberal Democrat (PLD) a ob\u021binut un rezultat istoric \u00een Japonia, consolid\u00e2ndu-i astfel liderului s\u0103u ultraconservator, Sanae Takaichi, prima femeie prim-ministru a \u021b\u0103rii, un mandat crucial pentru implementarea programului s\u0103u pe o perioad\u0103 de patru ani \u00eentr-o na\u021biune cu 123 de milioane de locuitori, conform informa\u021biilor publicate de <a href=\"https:\/\/www.lefigaro.fr\/international\/legislatives-au-japon-selon-les-resultats-officiels-le-parti-de-takaichi-a-remporte-la-majorite-des-deux-tiers-20260210\" target=\"_blank\" rel=\"noopener\">Le Figaro<\/a>.<\/p>\n<p>Sanae Takaichi a intrat \u00een istorie \u00een luna octombrie a anului trecut, devenind prima femeie care conduce guvernul japonez. Dup\u0103 o perioad\u0103 de gra\u021bie, la sf\u00e2r\u0219itul lunii ianuarie, ea a decis s\u0103 dizolve camera inferioar\u0103 a Parlamentului, unde coali\u021bia sa de guvernare de\u021binea o majoritate fragil\u0103. Aceast\u0103 mi\u0219care strategic\u0103 s-a dovedit a fi una c\u00e2\u0219tig\u0103toare: coali\u021bia format\u0103 din PLD \u0219i Partidul Inova\u021biei (Ishin), de centru-dreapta, a reu\u0219it s\u0103 ob\u021bin\u0103 un total impresionant de 351 de locuri din cele 465 disponibile \u00een camera inferioar\u0103, conform datelor furnizate de Ministerul de Interne. Comparativ, \u00een legislatura anterioar\u0103, PLD avea doar 198 de locuri, iar Ishin 34.<\/p>\n<p>\u00cen contrast, Noua Alian\u021b\u0103 pentru Reform\u0103, care reune\u0219te principalul partid de opozi\u021bie, Partidul Constitu\u021bional Democrat (centru-st\u00e2nga), \u0219i fostul partener al PLD, micul partid budist Komeito, a suferit o \u00eenfr\u00e2ngere sever\u0103, num\u0103rul locurilor sale sc\u0103z\u00e2nd drastic de la 167 la 49.<\/p>\n<p>\u00cen urma acestei victorii, Sanae Takaichi a primit felicit\u0103ri c\u0103lduroase din partea pre\u0219edintelui american Donald Trump, cu care este programat\u0103 s\u0103 se \u00eent\u00e2lneasc\u0103 la Washington \u00een mijlocul lunii martie. Aceast\u0103 reu\u0219it\u0103 o plaseaz\u0103 pe Takaichi \u00een continuarea tradi\u021biei mentorului s\u0103u, Shinzo Abe, care a fost prim-ministru \u00een perioada 2006-2007 \u0219i din nou \u00eentre 2012-2020. Abe a l\u0103sat o amprent\u0103 semnificativ\u0103 asupra Japoniei prin pozi\u021biile sale na\u021bionaliste \u0219i programul s\u0103u economic, care a inclus stimulente fiscale importante.<\/p>\n","protected":false},"excerpt":{"rendered":"<p>Recent, Partidul Liberal Democrat (PLD) a ob\u021binut un rezultat istoric \u00een Japonia, consolid\u00e2ndu-i astfel liderului s\u0103u ultraconservator, Sanae Takaichi, prima femeie prim-ministru a \u021b\u0103rii, un mandat crucial pentru implementarea programului s\u0103u pe o perioad\u0103 de patru ani \u00eentr-o na\u021biune cu 123 de milioane de locuitori, conform informa\u021biilor publicate de Le Figaro. Sanae Takaichi a intrat [&hellip;]<\/p>\n","protected":false},"author":2,"featured_media":2213,"comment_status":"open","ping_status":"open","sticky":false,"template":"","format":"standard","meta":{"jnews-multi-image_gallery":[],"jnews_single_post":[],"jnews_primary_category":[],"jnews_override_counter":[],"footnotes":""},"categories":[41],"tags":[3786,3785,873,3784,3787,439,443,3470],"class_list":["post-2212","post","type-post","status-publish","format-standard","has-post-thumbnail","hentry","category-externe","tag-camera-inferioara","tag-coalitie-de-guvernare","tag-istorie","tag-japonezia","tag-mandat","tag-partidul-liberal-democrat","tag-prim-ministru","tag-sanae-takaichi"],"_links":{"self":[{"href":"https:\/\/www.newsrecorder.ro\/app\/wp-json\/wp\/v2\/posts\/2212","targetHints":{"allow":["GET"]}}],"collection":[{"href":"https:\/\/www.newsrecorder.ro\/app\/wp-json\/wp\/v2\/posts"}],"about":[{"href":"https:\/\/www.newsrecorder.ro\/app\/wp-json\/wp\/v2\/types\/post"}],"author":[{"embeddable":true,"href":"https:\/\/www.newsrecorder.ro\/app\/wp-json\/wp\/v2\/users\/2"}],"replies":[{"embeddable":true,"href":"https:\/\/www.newsrecorder.ro\/app\/wp-json\/wp\/v2\/comments?post=2212"}],"version-history":[{"count":0,"href":"https:\/\/www.newsrecorder.ro\/app\/wp-json\/wp\/v2\/posts\/2212\/revisions"}],"wp:featuredmedia":[{"embeddable":true,"href":"https:\/\/www.newsrecorder.ro\/app\/wp-json\/wp\/v2\/media\/2213"}],"wp:attachment":[{"href":"https:\/\/www.newsrecorder.ro\/app\/wp-json\/wp\/v2\/media?parent=2212"}],"wp:term":[{"taxonomy":"category","embeddable":true,"href":"https:\/\/www.newsrecorder.ro\/app\/wp-json\/wp\/v2\/categories?post=2212"},{"taxonomy":"post_tag","embeddable":true,"href":"https:\/\/www.newsrecorder.ro\/app\/wp-json\/wp\/v2\/tags?post=2212"}],"curies":[{"name":"wp","href":"https:\/\/api.w.org\/{rel}","templated":true}]}}