{"id":2238,"date":"2026-02-10T17:32:45","date_gmt":"2026-02-10T17:32:45","guid":{"rendered":"https:\/\/www.newsrecorder.ro\/app\/2026\/02\/10\/johannes-klaebo-straluceste-a-doua-medalie-de-aur-la-milano-cortina\/"},"modified":"2026-02-10T17:32:45","modified_gmt":"2026-02-10T17:32:45","slug":"johannes-klaebo-straluceste-a-doua-medalie-de-aur-la-milano-cortina","status":"publish","type":"post","link":"https:\/\/www.newsrecorder.ro\/app\/2026\/02\/10\/johannes-klaebo-straluceste-a-doua-medalie-de-aur-la-milano-cortina\/","title":{"rendered":"Johannes Kl\u00e6bo str\u0103luce\u0219te: a doua medalie de aur la Milano Cortina!"},"content":{"rendered":"<p>Johannes Kl\u00e6bo a str\u0103lucit din nou la Milano Cortina 2026, c\u00e2\u0219tig\u00e2nd a doua sa medalie de aur la Jocurile Olimpice, gra\u021bie unei performan\u021be remarcabile \u00een proba de sprint clasic masculin.<\/p>\n<p>Cu aceast\u0103 victorie, norvegianul \u00ee\u0219i adaug\u0103 la palmares un total de \u0219apte titluri olimpice, apropiindu-se astfel de recordul de\u021bin\u0103torului Bj\u00f8rn D\u00e6hlie, care are \u00een total opt medalii de aur.<\/p>\n<p>Kl\u00e6bo a ob\u021binut anterior, duminic\u0103, medalia de aur la proba de skiatlon, consolid\u00e2ndu-\u0219i statutul de favorit \u00een competi\u021biile de schi fond.<\/p>\n<p>\u00cen cadrul acelea\u0219i probe de sprint, Ben Ogden, reprezentant al echipei SUA, a reu\u0219it s\u0103 c\u00e2\u0219tige medalia de argint. Aceasta este o realizare deosebit\u0103 pentru Ogden, marc\u00e2nd prima sa medalie olimpic\u0103 \u0219i, totodat\u0103, prima prezen\u021b\u0103 pe podium pentru un schior american \u00een competi\u021biile de schi fond din 1976.<\/p>\n<p>Norvegia a mai ob\u021binut o medalie, prin Oskar Opstad Vike, care, la doar 22 de ani, a c\u00e2\u0219tigat bronzul. Aceasta este prima medalie olimpic\u0103 pentru t\u00e2n\u0103rul schior norvegian, ad\u0103ug\u00e2ndu-se astfel la succesul echipei sale.<\/p>\n<p>Din p\u0103cate, Rom\u00e2nia nu a reu\u0219it s\u0103 ob\u021bin\u0103 rezultate notabile \u00een aceast\u0103 prob\u0103, av\u00e2nd doi reprezentan\u021bi care au fost elimina\u021bi \u00een faza calific\u0103rilor. Gabriel Cojocaru s-a clasat pe locul 63, iar Paul Pepene a terminat pe locul 72.<\/p>\n","protected":false},"excerpt":{"rendered":"<p>Johannes Kl\u00e6bo a str\u0103lucit din nou la Milano Cortina 2026, c\u00e2\u0219tig\u00e2nd a doua sa medalie de aur la Jocurile Olimpice, gra\u021bie unei performan\u021be remarcabile \u00een proba de sprint clasic masculin. Cu aceast\u0103 victorie, norvegianul \u00ee\u0219i adaug\u0103 la palmares un total de \u0219apte titluri olimpice, apropiindu-se astfel de recordul de\u021bin\u0103torului Bj\u00f8rn D\u00e6hlie, care are \u00een total [&hellip;]<\/p>\n","protected":false},"author":6,"featured_media":2239,"comment_status":"open","ping_status":"open","sticky":false,"template":"","format":"standard","meta":{"jnews-multi-image_gallery":[],"jnews_single_post":[],"jnews_primary_category":[],"jnews_override_counter":[],"footnotes":""},"categories":[46],"tags":[3843,833,3839,3842,834,3459,3840,3841],"class_list":["post-2238","post","type-post","status-publish","format-standard","has-post-thumbnail","hentry","category-sport","tag-ben-ogden","tag-jocurile-olimpice","tag-johannes-klaebo","tag-medalii-de-aur","tag-milano-cortina-2026","tag-norvegia","tag-schi-fond","tag-sprint-clasic"],"_links":{"self":[{"href":"https:\/\/www.newsrecorder.ro\/app\/wp-json\/wp\/v2\/posts\/2238","targetHints":{"allow":["GET"]}}],"collection":[{"href":"https:\/\/www.newsrecorder.ro\/app\/wp-json\/wp\/v2\/posts"}],"about":[{"href":"https:\/\/www.newsrecorder.ro\/app\/wp-json\/wp\/v2\/types\/post"}],"author":[{"embeddable":true,"href":"https:\/\/www.newsrecorder.ro\/app\/wp-json\/wp\/v2\/users\/6"}],"replies":[{"embeddable":true,"href":"https:\/\/www.newsrecorder.ro\/app\/wp-json\/wp\/v2\/comments?post=2238"}],"version-history":[{"count":0,"href":"https:\/\/www.newsrecorder.ro\/app\/wp-json\/wp\/v2\/posts\/2238\/revisions"}],"wp:featuredmedia":[{"embeddable":true,"href":"https:\/\/www.newsrecorder.ro\/app\/wp-json\/wp\/v2\/media\/2239"}],"wp:attachment":[{"href":"https:\/\/www.newsrecorder.ro\/app\/wp-json\/wp\/v2\/media?parent=2238"}],"wp:term":[{"taxonomy":"category","embeddable":true,"href":"https:\/\/www.newsrecorder.ro\/app\/wp-json\/wp\/v2\/categories?post=2238"},{"taxonomy":"post_tag","embeddable":true,"href":"https:\/\/www.newsrecorder.ro\/app\/wp-json\/wp\/v2\/tags?post=2238"}],"curies":[{"name":"wp","href":"https:\/\/api.w.org\/{rel}","templated":true}]}}