{"id":2244,"date":"2026-02-10T17:33:28","date_gmt":"2026-02-10T17:33:28","guid":{"rendered":"https:\/\/www.newsrecorder.ro\/app\/2026\/02\/10\/rapid-isi-modernizeaza-baza-sportiva-cu-50-de-milioane-de-lei\/"},"modified":"2026-02-10T17:33:28","modified_gmt":"2026-02-10T17:33:28","slug":"rapid-isi-modernizeaza-baza-sportiva-cu-50-de-milioane-de-lei","status":"publish","type":"post","link":"https:\/\/www.newsrecorder.ro\/app\/2026\/02\/10\/rapid-isi-modernizeaza-baza-sportiva-cu-50-de-milioane-de-lei\/","title":{"rendered":"Rapid \u00ee\u0219i modernizeaz\u0103 baza sportiv\u0103 cu 50 de milioane de lei!"},"content":{"rendered":"<p>Ministrul Transporturilor a anun\u021bat mar\u021bi semnarea unui protocol de colaborare, al\u0103turi de George Tu\u021b\u0103, primarul Sectorului 1, \u0219i Vlad Andronescu, directorul Clubului Rapid. Acest acord vizeaz\u0103 finan\u021barea moderniz\u0103rii, reabilit\u0103rii, extinderii \u0219i dot\u0103rii bazei Clubului Sportiv Rapid Bucure\u0219ti.<\/p>\n<p>Ciprian \u0218erban a precizat pe platforma social\u0103 Facebook c\u0103 \u201efinan\u021barea va fi realizat\u0103 etapizat din bugetul Sectorului 1, iar investi\u021bia va aduce beneficii sociale \u0219i comunitare considerabile. Valoarea total\u0103 a proiectului este estimat\u0103 la aproximativ 50 milioane de lei. De asemenea, Clubul Rapid va contribui la costurile necesare pentru modernizarea bazei sportive\u201d.<\/p>\n<p>Noua baz\u0103 va fi destinat\u0103 at\u00e2t sportivilor de performan\u021b\u0103, c\u00e2t \u0219i comunit\u0103\u021bii locale, oferind locuitorilor din Sectorul 1 acces la activit\u0103\u021bi sportive \u00eentr-un mediu modern, aerisit \u0219i sigur.<\/p>\n","protected":false},"excerpt":{"rendered":"<p>Ministrul Transporturilor a anun\u021bat mar\u021bi semnarea unui protocol de colaborare, al\u0103turi de George Tu\u021b\u0103, primarul Sectorului 1, \u0219i Vlad Andronescu, directorul Clubului Rapid. Acest acord vizeaz\u0103 finan\u021barea moderniz\u0103rii, reabilit\u0103rii, extinderii \u0219i dot\u0103rii bazei Clubului Sportiv Rapid Bucure\u0219ti. Ciprian \u0218erban a precizat pe platforma social\u0103 Facebook c\u0103 \u201efinan\u021barea va fi realizat\u0103 etapizat din bugetul Sectorului 1, [&hellip;]<\/p>\n","protected":false},"author":6,"featured_media":2245,"comment_status":"open","ping_status":"open","sticky":false,"template":"","format":"standard","meta":{"jnews-multi-image_gallery":[],"jnews_single_post":[],"jnews_primary_category":[],"jnews_override_counter":[],"footnotes":""},"categories":[46],"tags":[3853,297,1043,367,464,3852,3854,3672],"class_list":["post-2244","post","type-post","status-publish","format-standard","has-post-thumbnail","hentry","category-sport","tag-club-rapid","tag-colaborare","tag-comunitate","tag-finantare","tag-modernizare","tag-protocol","tag-sectorul-1","tag-transporturi"],"_links":{"self":[{"href":"https:\/\/www.newsrecorder.ro\/app\/wp-json\/wp\/v2\/posts\/2244","targetHints":{"allow":["GET"]}}],"collection":[{"href":"https:\/\/www.newsrecorder.ro\/app\/wp-json\/wp\/v2\/posts"}],"about":[{"href":"https:\/\/www.newsrecorder.ro\/app\/wp-json\/wp\/v2\/types\/post"}],"author":[{"embeddable":true,"href":"https:\/\/www.newsrecorder.ro\/app\/wp-json\/wp\/v2\/users\/6"}],"replies":[{"embeddable":true,"href":"https:\/\/www.newsrecorder.ro\/app\/wp-json\/wp\/v2\/comments?post=2244"}],"version-history":[{"count":0,"href":"https:\/\/www.newsrecorder.ro\/app\/wp-json\/wp\/v2\/posts\/2244\/revisions"}],"wp:featuredmedia":[{"embeddable":true,"href":"https:\/\/www.newsrecorder.ro\/app\/wp-json\/wp\/v2\/media\/2245"}],"wp:attachment":[{"href":"https:\/\/www.newsrecorder.ro\/app\/wp-json\/wp\/v2\/media?parent=2244"}],"wp:term":[{"taxonomy":"category","embeddable":true,"href":"https:\/\/www.newsrecorder.ro\/app\/wp-json\/wp\/v2\/categories?post=2244"},{"taxonomy":"post_tag","embeddable":true,"href":"https:\/\/www.newsrecorder.ro\/app\/wp-json\/wp\/v2\/tags?post=2244"}],"curies":[{"name":"wp","href":"https:\/\/api.w.org\/{rel}","templated":true}]}}