{"id":2276,"date":"2026-02-10T17:43:38","date_gmt":"2026-02-10T17:43:38","guid":{"rendered":"https:\/\/www.newsrecorder.ro\/app\/2026\/02\/10\/anaf-acuza-procesul-lui-klaus-iohannis-se-muta-la-tribunalul-hunedoara\/"},"modified":"2026-02-10T17:43:38","modified_gmt":"2026-02-10T17:43:38","slug":"anaf-acuza-procesul-lui-klaus-iohannis-se-muta-la-tribunalul-hunedoara","status":"publish","type":"post","link":"https:\/\/www.newsrecorder.ro\/app\/2026\/02\/10\/anaf-acuza-procesul-lui-klaus-iohannis-se-muta-la-tribunalul-hunedoara\/","title":{"rendered":"ANAF acuz\u0103: Procesul lui Klaus Iohannis se mut\u0103 la Tribunalul Hunedoara!"},"content":{"rendered":"<p>Curtea de Apel Alba Iulia a decis, mar\u021bi, s\u0103 admit\u0103 cererea de str\u0103mutare a dosarului deschis de Direc\u021bia Regional\u0103 a Finan\u021belor Publice Bra\u0219ov \u00eempotriva familiei fostului pre\u0219edinte Klaus Iohannis. Acest proces are ca obiect recuperarea sumei de aproximativ 4,7 milioane de lei, reprezent\u00e2nd bani \u00eencasa\u021bi din \u00eenchirierea unui imobil de\u021binut de Klaus Iohannis \u00een municipiul Sibiu. Ac\u021biunea a fost ini\u021biat\u0103 dup\u0103 ce fostul pre\u0219edinte a refuzat s\u0103 efectueze plata voluntar\u0103 a sumei datorate.<\/p>\n<p>\u00cen urma deciziei Cur\u021bii de Apel, procesul va fi mutat de la Tribunalul Sibiu la Tribunalul Hunedoara. Aceasta este o m\u0103sur\u0103 care a fost stabilit\u0103 printr-o hot\u0103r\u00e2re definitiv\u0103.<\/p>\n<p>\u201eAdmite cererea de str\u0103mutare formulat\u0103 de c\u0103tre petentul Statul Rom\u00e2n prin Direc\u021bia General\u0103 Regional\u0103 a Finan\u021belor Publice Bra\u0219ov \u00een contradictoriu cu intima\u021bii Iohannis Klaus Werner \u0219i Iohannis Carmen Georgeta. <strong>Dispune str\u0103mutarea la Tribunalul Hunedoara a procesului care face obiectul dosarului nr. 2405\/85\/2025 \u00eenregistrat la Tribunalul Sibiu.<\/strong> P\u0103streaz\u0103 actele \u00eendeplinite \u00eenainte de str\u0103mutare. Definitiv\u0103. Pronun\u021bat\u0103 ast\u0103zi 10.02.2026 prin punerea solu\u021biei la dispozi\u021bia p\u0103r\u021bilor de c\u0103tre grefa instan\u021bei\u201d, se men\u021bioneaz\u0103 \u00een <a style=\"color: #0000ff\" href=\"https:\/\/portal.just.ro\/57\/SitePages\/Dosar.aspx?id_dosar=5700000000038611&amp;id_inst=57\" target=\"_blank\" rel=\"noopener\">solu\u021bia pe scurt<\/a>.<\/p>\n<p>Pe 20 noiembrie, ANAF a anun\u021bat c\u0103 a ini\u021biat o ac\u021biune la Tribunalul Sibiu pentru a recupera sumele datorate de Klaus Iohannis. Fiscul a cerut instan\u021bei s\u0103 permit\u0103 instituirea unui sechestru pe bunurile fostului pre\u0219edinte, av\u00e2nd \u00een vedere c\u0103 acesta de\u021bine mai multe imobile \u00een Sibiu.<\/p>\n<p>\u00centr-un <a href=\"https:\/\/static.anaf.ro\/static\/3\/Anaf\/20251120112337_com%201212%20tribunal%20sibiu%20deschidere%20actiune.pdf\" target=\"_blank\" rel=\"noopener\">comunicat de pres\u0103<\/a> emis de ANAF, se preciza c\u0103 \u201eStatul Rom\u00e2n, prin DGRFP Bra\u0219ov, a \u00eenregistrat la instan\u021ba competent\u0103 o ac\u021biune prin care solicit\u0103 obligarea unui fost pre\u0219edinte al Rom\u00e2niei la plata desp\u0103gubirilor pentru lipsa de folosin\u021b\u0103 a cotei de 1\/2 dintr-un imobil situat \u00een centrul municipiului Sibiu\u201d.<\/p>\n<p>ANAF a subliniat c\u0103 a solicitat instan\u021bei \u0219i m\u0103suri asigur\u0103torii asupra bunurilor familiei Iohannis, \u00een scopul garant\u0103rii recuper\u0103rii sumelor datorate statului, av\u00e2nd \u00een vedere refuzul so\u021bilor Iohannis de a pl\u0103ti voluntar.<\/p>\n<p>Cu toate acestea, \u00een noiembrie, Tribunalul Sibiu a respins cererea ANAF de a institui un sechestru asupra bunurilor familiei Iohannis. Statul Rom\u00e2n, reprezentat prin Direc\u021bia General\u0103 Regional\u0103 a Finan\u021belor Publice Bra\u0219ov, a contestat aceast\u0103 decizie \u00een apel.<\/p>\n<p>Pe 22 ianuarie 2026, Curtea de Apel Alba Iulia a respins din nou solicitarea ANAF de instituire a sechestrului asupra bunurilor familiei fostului pre\u0219edinte Klaus Iohannis, iar aceast\u0103 decizie a fost considerat\u0103 definitiv\u0103.<\/p>\n","protected":false},"excerpt":{"rendered":"<p>Curtea de Apel Alba Iulia a decis, mar\u021bi, s\u0103 admit\u0103 cererea de str\u0103mutare a dosarului deschis de Direc\u021bia Regional\u0103 a Finan\u021belor Publice Bra\u0219ov \u00eempotriva familiei fostului pre\u0219edinte Klaus Iohannis. Acest proces are ca obiect recuperarea sumei de aproximativ 4,7 milioane de lei, reprezent\u00e2nd bani \u00eencasa\u021bi din \u00eenchirierea unui imobil de\u021binut de Klaus Iohannis \u00een municipiul [&hellip;]<\/p>\n","protected":false},"author":2,"featured_media":2277,"comment_status":"open","ping_status":"open","sticky":false,"template":"","format":"standard","meta":{"jnews-multi-image_gallery":[],"jnews_single_post":[],"jnews_primary_category":[],"jnews_override_counter":[],"footnotes":""},"categories":[42],"tags":[3929,3933,2704,3930,2495,3934,3931,3932],"class_list":["post-2276","post","type-post","status-publish","format-standard","has-post-thumbnail","hentry","category-politica","tag-curtea-de-apel","tag-finantele-publice","tag-imobil","tag-klaus-iohannis","tag-proces","tag-sibiu","tag-stramutare","tag-tribunalul-hunedoara"],"_links":{"self":[{"href":"https:\/\/www.newsrecorder.ro\/app\/wp-json\/wp\/v2\/posts\/2276","targetHints":{"allow":["GET"]}}],"collection":[{"href":"https:\/\/www.newsrecorder.ro\/app\/wp-json\/wp\/v2\/posts"}],"about":[{"href":"https:\/\/www.newsrecorder.ro\/app\/wp-json\/wp\/v2\/types\/post"}],"author":[{"embeddable":true,"href":"https:\/\/www.newsrecorder.ro\/app\/wp-json\/wp\/v2\/users\/2"}],"replies":[{"embeddable":true,"href":"https:\/\/www.newsrecorder.ro\/app\/wp-json\/wp\/v2\/comments?post=2276"}],"version-history":[{"count":0,"href":"https:\/\/www.newsrecorder.ro\/app\/wp-json\/wp\/v2\/posts\/2276\/revisions"}],"wp:featuredmedia":[{"embeddable":true,"href":"https:\/\/www.newsrecorder.ro\/app\/wp-json\/wp\/v2\/media\/2277"}],"wp:attachment":[{"href":"https:\/\/www.newsrecorder.ro\/app\/wp-json\/wp\/v2\/media?parent=2276"}],"wp:term":[{"taxonomy":"category","embeddable":true,"href":"https:\/\/www.newsrecorder.ro\/app\/wp-json\/wp\/v2\/categories?post=2276"},{"taxonomy":"post_tag","embeddable":true,"href":"https:\/\/www.newsrecorder.ro\/app\/wp-json\/wp\/v2\/tags?post=2276"}],"curies":[{"name":"wp","href":"https:\/\/api.w.org\/{rel}","templated":true}]}}