{"id":2286,"date":"2026-02-10T17:44:55","date_gmt":"2026-02-10T17:44:55","guid":{"rendered":"https:\/\/www.newsrecorder.ro\/app\/2026\/02\/10\/tanczos-barna-politica-tensionata-creste-dobanzile-si-afecteaza-bugetul\/"},"modified":"2026-02-10T17:44:55","modified_gmt":"2026-02-10T17:44:55","slug":"tanczos-barna-politica-tensionata-creste-dobanzile-si-afecteaza-bugetul","status":"publish","type":"post","link":"https:\/\/www.newsrecorder.ro\/app\/2026\/02\/10\/tanczos-barna-politica-tensionata-creste-dobanzile-si-afecteaza-bugetul\/","title":{"rendered":"T\u00e1nczos Barna: Politica tensionat\u0103 cre\u0219te dob\u00e2nzile \u0219i afecteaz\u0103 bugetul!"},"content":{"rendered":"<p>Evenimentul recent a fost marcat de nemul\u021bumirile primarilor, care au subliniat probleme importante legate de <strong>transferurile bugetare \u0219i gestionarea resurselor pentru persoanele cu handicap<\/strong>.<\/p>\n<p>T\u00e1nczos Barna, viceprim-ministrul Rom\u00e2niei, a abordat situa\u021bia, afirm\u00e2nd: \u201eAm f\u0103cut-o, am f\u0103cut-o \u0219i \u00een coali\u021bie. Pe noi, cei din UDMR, nu ne vede\u021bi niciodat\u0103 ie\u0219i\u021bi din forma\u021bie. <strong>Nu critic\u0103m \u00een exterior ceea ce s-a discutat \u00een coali\u021bie, iar deciziile luate la mas\u0103 sunt respectate de to\u021bi membri<\/strong>. Consider c\u0103 este extrem de nociv s\u0103 particip\u0103m la acest ping-pong de declara\u021bii \u00eentre PSD \u0219i PNL.\u201d<\/p>\n<p>Barna a explicat \u0219i impactul instabilit\u0103\u021bii politice asupra finan\u021belor publice, spun\u00e2nd: \u201eMai fac o parantez\u0103, din acea <strong>dob\u00e2nd\u0103 pe care o pl\u0103tim lun\u0103 de lun\u0103 pentru creditele pe care le contracteaz\u0103 statul rom\u00e2n, cel pu\u021bin 1% este din cauza incertitudinii politice<\/strong>. Pia\u021ba financiar\u0103 interna\u021bional\u0103 ne taxeaz\u0103 pentru lipsa de claritate \u00een direc\u021bia noastr\u0103.\u201d<\/p>\n<p>\u00cen timpul discu\u021biilor, primarii \u0219i-au exprimat frustrarea fa\u021b\u0103 de lipsa deciziilor concrete, subliniind c\u0103, dac\u0103 PSD \u0219i UDMR nu reu\u0219esc s\u0103 colaboreze, atunci \u201ematematica nu mai are sens.\u201d<\/p>\n<p>T\u00e1nczos Barna a r\u0103spuns c\u0103 \u201ematematica politic\u0103 din guvern este diferit\u0103 de aritmetica obi\u0219nuit\u0103. <strong>Noi suntem solidari cu deciziile luate \u00een coali\u021bie. \u00cen anumite situa\u021bii, deciziile sunt influen\u021bate de for\u021ba politic\u0103, iar \u00een altele, este o decizie final\u0103 a c\u0103pitanului de echip\u0103, al premierului<\/strong>.\u201d<\/p>\n<p>Viceprim-ministrul a reiterat, de asemenea, sprijinul pentru transferul competen\u021belor legate de persoanele cu handicap c\u0103tre Ministerul Muncii, subliniind c\u0103 implementarea acestui transfer depinde de acordul celorlal\u021bi membri ai coali\u021biei: \u201eNoi \u00een continuare sus\u021binem c\u0103 aceste lucruri trebuie mutate la Ministerul Muncii, \u00een momentul \u00een care vor fi de acord \u0219i ceilal\u021bi.\u201d<\/p>\n<p>&nbsp;<\/p>\n<p>&nbsp;<\/p>\n","protected":false},"excerpt":{"rendered":"<p>Evenimentul recent a fost marcat de nemul\u021bumirile primarilor, care au subliniat probleme importante legate de transferurile bugetare \u0219i gestionarea resurselor pentru persoanele cu handicap. T\u00e1nczos Barna, viceprim-ministrul Rom\u00e2niei, a abordat situa\u021bia, afirm\u00e2nd: \u201eAm f\u0103cut-o, am f\u0103cut-o \u0219i \u00een coali\u021bie. Pe noi, cei din UDMR, nu ne vede\u021bi niciodat\u0103 ie\u0219i\u021bi din forma\u021bie. Nu critic\u0103m \u00een exterior [&hellip;]<\/p>\n","protected":false},"author":2,"featured_media":2287,"comment_status":"open","ping_status":"open","sticky":false,"template":"","format":"standard","meta":{"jnews-multi-image_gallery":[],"jnews_single_post":[],"jnews_primary_category":[],"jnews_override_counter":[],"footnotes":""},"categories":[42],"tags":[3957,3955,3956,3765,2593,813,3954,379],"class_list":["post-2286","post","type-post","status-publish","format-standard","has-post-thumbnail","hentry","category-politica","tag-finante-publice","tag-handicap","tag-instabilitate-politica","tag-nemultumiri","tag-primari","tag-resurse","tag-transferuri-bugetare","tag-udmr"],"_links":{"self":[{"href":"https:\/\/www.newsrecorder.ro\/app\/wp-json\/wp\/v2\/posts\/2286","targetHints":{"allow":["GET"]}}],"collection":[{"href":"https:\/\/www.newsrecorder.ro\/app\/wp-json\/wp\/v2\/posts"}],"about":[{"href":"https:\/\/www.newsrecorder.ro\/app\/wp-json\/wp\/v2\/types\/post"}],"author":[{"embeddable":true,"href":"https:\/\/www.newsrecorder.ro\/app\/wp-json\/wp\/v2\/users\/2"}],"replies":[{"embeddable":true,"href":"https:\/\/www.newsrecorder.ro\/app\/wp-json\/wp\/v2\/comments?post=2286"}],"version-history":[{"count":0,"href":"https:\/\/www.newsrecorder.ro\/app\/wp-json\/wp\/v2\/posts\/2286\/revisions"}],"wp:featuredmedia":[{"embeddable":true,"href":"https:\/\/www.newsrecorder.ro\/app\/wp-json\/wp\/v2\/media\/2287"}],"wp:attachment":[{"href":"https:\/\/www.newsrecorder.ro\/app\/wp-json\/wp\/v2\/media?parent=2286"}],"wp:term":[{"taxonomy":"category","embeddable":true,"href":"https:\/\/www.newsrecorder.ro\/app\/wp-json\/wp\/v2\/categories?post=2286"},{"taxonomy":"post_tag","embeddable":true,"href":"https:\/\/www.newsrecorder.ro\/app\/wp-json\/wp\/v2\/tags?post=2286"}],"curies":[{"name":"wp","href":"https:\/\/api.w.org\/{rel}","templated":true}]}}