{"id":2288,"date":"2026-02-10T19:10:09","date_gmt":"2026-02-10T19:10:09","guid":{"rendered":"https:\/\/www.newsrecorder.ro\/app\/2026\/02\/10\/actorii-teatrului-national-din-bucuresti-protesteaza-impotriva-unei-masuri-controversate\/"},"modified":"2026-02-10T19:10:09","modified_gmt":"2026-02-10T19:10:09","slug":"actorii-teatrului-national-din-bucuresti-protesteaza-impotriva-unei-masuri-controversate","status":"publish","type":"post","link":"https:\/\/www.newsrecorder.ro\/app\/2026\/02\/10\/actorii-teatrului-national-din-bucuresti-protesteaza-impotriva-unei-masuri-controversate\/","title":{"rendered":"Actorii Teatrului Na\u021bional din Bucure\u0219ti protesteaz\u0103 \u00eempotriva unei m\u0103suri controversate!"},"content":{"rendered":"<p>Protestul este programat pentru ora 14:30, av\u00e2nd ca participan\u021bi nu doar actorii, ci \u0219i personalul tehnic care sprijin\u0103 scena din toate sectoarele teatrului.<\/p>\n<p>Conform unui comunicat emis de actorii Teatrului Na\u021bional Bucure\u0219ti (TNB), programul pilot a fost adus la cuno\u0219tin\u021ba lor prin Circulara nr. 766\/03.02.2026, care con\u021bine instruc\u021biuni privind organizarea unitar\u0103 \u0219i eviden\u021ba timpului de munc\u0103 pentru personalul de execu\u021bie din institu\u021biile publice de spectacol sau concert.<\/p>\n<p>At\u00e2t actorii, c\u00e2t \u0219i angaja\u021bii din departamentele tehnice \u0219i de produc\u021bie ale TNB \u00ee\u0219i exprim\u0103 nemul\u021bumirea fa\u021b\u0103 de faptul c\u0103 aceast\u0103 Circular\u0103 transform\u0103 munca creativ\u0103, care nu are o normare specific\u0103 \u00een domeniul artistic, \u00een activit\u0103\u021bi de birou. Aceasta include anexe prin care sunt obliga\u021bi s\u0103 raporteze zilnic, \u00een mod detaliat, activit\u0103\u021bile desf\u0103\u0219urate \u00een timpul programului de lucru.<\/p>\n<p>\u201eConsider\u0103m c\u0103 acest proiect afecteaz\u0103 profund creativitatea \u00een domeniul cultural, transform\u00e2nd arti\u0219tii \u00een \u00abscriitori de rapoarte zilnice\u00bb, iar directorul artistic sau managerul \u00een \u00abraportorul\u00bb nostru. Munca unui artist nu poate fi evaluat\u0103 \u00een 8 ore pe zi; activitatea sa nu se limiteaz\u0103 doar la scen\u0103, ci include \u0219i procesul creativ personal, care \u00eencepe diminea\u021ba \u0219i se \u00eencheie noaptea, timp de 10 luni pe an, 6 zile pe s\u0103pt\u0103m\u00e2n\u0103. O or\u0103 petrecut\u0103 pe scen\u0103 implic\u0103 un consum emo\u021bional greu de cuantificat. Din aceste motive, mar\u021bi, 10 februarie a.c., la ora 14:30, vom protesta pa\u0219nic \u00een fa\u021ba teatrului nostru, pentru a ne opune aplic\u0103rii acestui program pilot. Invit\u0103m \u0219i colegi de la alte teatre s\u0103 ne sus\u021bin\u0103 \u00een aceast\u0103 ac\u021biune\u201d, au declarat actorii TNB.<\/p>\n<p>Acest protest are loc \u00een urma unei scrisori deschise transmise luni de c\u0103tre <a href=\"https:\/\/www.mediafax.ro\/cultura-media\/uniter-critica-proiectul-pilot-al-ministerului-culturii-privind-normarea-timpului-de-munca-in-teatre-resimtim-socati-un-parfum-de-nostalgie-a-anilor-80-23684046\">Uniunea Teatral\u0103 din Rom\u00e2nia<\/a> (UNITER), care a criticat proiectul pilot elaborat de Ministerul Culturii, ce impune normarea timpului de munc\u0103 pentru arti\u0219ti \u0219i personalul din teatrele na\u021bionale. <\/p>\n","protected":false},"excerpt":{"rendered":"<p>Protestul este programat pentru ora 14:30, av\u00e2nd ca participan\u021bi nu doar actorii, ci \u0219i personalul tehnic care sprijin\u0103 scena din toate sectoarele teatrului. Conform unui comunicat emis de actorii Teatrului Na\u021bional Bucure\u0219ti (TNB), programul pilot a fost adus la cuno\u0219tin\u021ba lor prin Circulara nr. 766\/03.02.2026, care con\u021bine instruc\u021biuni privind organizarea unitar\u0103 \u0219i eviden\u021ba timpului de [&hellip;]<\/p>\n","protected":false},"author":7,"featured_media":2289,"comment_status":"open","ping_status":"open","sticky":false,"template":"","format":"standard","meta":{"jnews-multi-image_gallery":[],"jnews_single_post":[],"jnews_primary_category":[],"jnews_override_counter":[],"footnotes":""},"categories":[43],"tags":[1504,3961,3960,3582,3959,270,576,3958],"class_list":["post-2288","post","type-post","status-publish","format-standard","has-post-thumbnail","hentry","category-cultura","tag-actori","tag-circulara","tag-munca-creativa","tag-nemultumire","tag-personal-tehnic","tag-protest","tag-teatru","tag-tnb"],"_links":{"self":[{"href":"https:\/\/www.newsrecorder.ro\/app\/wp-json\/wp\/v2\/posts\/2288","targetHints":{"allow":["GET"]}}],"collection":[{"href":"https:\/\/www.newsrecorder.ro\/app\/wp-json\/wp\/v2\/posts"}],"about":[{"href":"https:\/\/www.newsrecorder.ro\/app\/wp-json\/wp\/v2\/types\/post"}],"author":[{"embeddable":true,"href":"https:\/\/www.newsrecorder.ro\/app\/wp-json\/wp\/v2\/users\/7"}],"replies":[{"embeddable":true,"href":"https:\/\/www.newsrecorder.ro\/app\/wp-json\/wp\/v2\/comments?post=2288"}],"version-history":[{"count":0,"href":"https:\/\/www.newsrecorder.ro\/app\/wp-json\/wp\/v2\/posts\/2288\/revisions"}],"wp:featuredmedia":[{"embeddable":true,"href":"https:\/\/www.newsrecorder.ro\/app\/wp-json\/wp\/v2\/media\/2289"}],"wp:attachment":[{"href":"https:\/\/www.newsrecorder.ro\/app\/wp-json\/wp\/v2\/media?parent=2288"}],"wp:term":[{"taxonomy":"category","embeddable":true,"href":"https:\/\/www.newsrecorder.ro\/app\/wp-json\/wp\/v2\/categories?post=2288"},{"taxonomy":"post_tag","embeddable":true,"href":"https:\/\/www.newsrecorder.ro\/app\/wp-json\/wp\/v2\/tags?post=2288"}],"curies":[{"name":"wp","href":"https:\/\/api.w.org\/{rel}","templated":true}]}}