{"id":2296,"date":"2026-02-10T19:11:19","date_gmt":"2026-02-10T19:11:19","guid":{"rendered":"https:\/\/www.newsrecorder.ro\/app\/2026\/02\/10\/sua-ceda-comenzi-nato-europenilor-care-tari-din-ue-preiau-puterea\/"},"modified":"2026-02-10T19:11:19","modified_gmt":"2026-02-10T19:11:19","slug":"sua-ceda-comenzi-nato-europenilor-care-tari-din-ue-preiau-puterea","status":"publish","type":"post","link":"https:\/\/www.newsrecorder.ro\/app\/2026\/02\/10\/sua-ceda-comenzi-nato-europenilor-care-tari-din-ue-preiau-puterea\/","title":{"rendered":"SUA ced\u0103 comenzi NATO europenilor! Care \u021b\u0103ri din UE preiau puterea?"},"content":{"rendered":"<p class=\"p1\">Statele Unite au anun\u021bat c\u0103 vor transfera o parte din comenzile NATO c\u0103tre alia\u021bii europeni, conform unui comunicat emis de <a href=\"https:\/\/www.nato.int\/en\/news-and-events\/articles\/news\/2026\/02\/06\/european-allies-to-take-on-new-leadership-roles-in-natos-command-structure\">NATO<\/a> mar\u021bi. Aceast\u0103 decizie are ca scop eviden\u021bierea angajamentului alia\u021bilor europeni de a-\u0219i asuma o responsabilitate mai mare \u00een planificarea r\u0103zboiului conven\u021bional.<\/p>\n<p class=\"p1\">De\u0219i Statele Unite vor r\u0103m\u00e2ne la conducerea general\u0103 a for\u021belor NATO, prin intermediul func\u021biei de Comandant Suprem al For\u021belor Aliate din Europa, o pozi\u021bie istoric de\u021binut\u0103 de un american, actualul ocupant al postului este generalul Alexus G. Grynkewich din cadrul For\u021belor Aeriene ale SUA.<\/p>\n<p class=\"p1\">Aceast\u0103 mi\u0219care subliniaz\u0103 rolul continuu al Statelor Unite \u00een cadrul NATO, care va prelua acum controlul asupra for\u021belor maritime \u0219i va fi responsabil\u0103 pentru cele trei capabilit\u0103\u021bi esen\u021biale: terestre, aeriene \u0219i maritime, a\u0219a cum au raportat <strong><a style=\"color: #ff0000\" href=\"https:\/\/www.nytimes.com\/2026\/02\/10\/us\/politics\/us-nato-commands-european-allies.html?smid=nytcore-ios-share\">jurnali\u0219tii<\/a><\/strong>.<\/p>\n<p class=\"p1\">De-a lungul anilor, Statele Unite au subliniat necesitatea ca alia\u021bii europeni s\u0103 \u00ee\u0219i asume mai multe responsabilit\u0103\u021bi \u00een cadrul NATO, astfel \u00eenc\u00e2t Washingtonul s\u0103 \u00ee\u0219i poat\u0103 concentra aten\u021bia asupra regiunii Pacificului, conform propriilor priorit\u0103\u021bi de securitate. Aceast\u0103 ini\u021biativ\u0103 a fost accentuat\u0103 \u00een timpul mandatului pre\u0219edintelui Trump, de\u0219i schimb\u0103rile anun\u021bate mar\u021bi se refer\u0103 la partajarea poverii, nu la o transferare a responsabilit\u0103\u021bii generale pentru comanda NATO.<\/p>\n<p class=\"p1\">Ambasadorul american la NATO, Matthew Whitaker, a declarat reporterilor \u00eentr-o conferin\u021b\u0103 telefonic\u0103 c\u0103 aceast\u0103 mi\u0219care va \u00eent\u0103ri alian\u021ba. \u201eOrice ini\u021biativ\u0103 care permite alia\u021bilor no\u0219tri s\u0103 \u00ee\u0219i intensifice eforturile \u0219i s\u0103 devin\u0103 lideri \u00een cadrul alian\u021bei este o veste bun\u0103 \u0219i o decizie de bun sim\u021b\u201d, a afirmat Whitaker. El a ad\u0103ugat c\u0103 scopul este ca Europa s\u0103 preia ap\u0103rarea conven\u021bional\u0103 a continentului, permi\u021b\u00e2nd astfel Washingtonului s\u0103 \u00ee\u0219i redistribuie for\u021bele \u00een Pacific atunci c\u00e2nd este necesar.<\/p>\n<p class=\"p1\">\u201eStatele Unite nu se retrag \u0219i nu dispar\u201d, a subliniat el. \u201e\u00cens\u0103 este esen\u021bial s\u0103 ne asigur\u0103m c\u0103 capabilit\u0103\u021bile critice sunt consolidate \u0219i de c\u0103tre alia\u021bii no\u0219tri europeni.\u201d<\/p>\n<p class=\"p1\">\u00cen cadrul NATO, trei Comandamente ale For\u021belor \u00centrunite \u2014 situate \u00een Napoli (Italia), Brunssum (Olanda) \u0219i Norfolk (Virginia) \u2014 sunt responsabile pentru planificarea opera\u021biunilor. <strong>Marea Britanie va prelua conducerea comandamentului de la Norfolk, iar Italia va conduce cel din Napoli. Germania \u0219i Polonia vor \u00eemp\u0103r\u021bi acum responsabilitatea asupra comandamentului care va gestiona orice conflict terestru \u00een Europa de Est, sub conducerea unui comandant german deja stabilit.<\/strong><\/p>\n<p class=\"p1\">Aceste modific\u0103ri vor fi implementate treptat \u00een urm\u0103torii ani, conform programului existent de rota\u021bie a personalului, a anun\u021bat NATO. Acordul va permite europenilor s\u0103 \u00ee\u0219i asume \u201eroluri de conducere mai importante \u00een structura de comand\u0103 a NATO\u201d, reafirm\u00e2nd \u00een acela\u0219i timp angajamentul Statelor Unite fa\u021b\u0103 de comanda \u0219i controlul NATO, inclusiv prin men\u021binerea func\u021biei de Comandant Suprem Aliat \u00een Europa.<\/p>\n","protected":false},"excerpt":{"rendered":"<p>Statele Unite au anun\u021bat c\u0103 vor transfera o parte din comenzile NATO c\u0103tre alia\u021bii europeni, conform unui comunicat emis de NATO mar\u021bi. Aceast\u0103 decizie are ca scop eviden\u021bierea angajamentului alia\u021bilor europeni de a-\u0219i asuma o responsabilitate mai mare \u00een planificarea r\u0103zboiului conven\u021bional. De\u0219i Statele Unite vor r\u0103m\u00e2ne la conducerea general\u0103 a for\u021belor NATO, prin intermediul [&hellip;]<\/p>\n","protected":false},"author":2,"featured_media":2297,"comment_status":"open","ping_status":"open","sticky":false,"template":"","format":"standard","meta":{"jnews-multi-image_gallery":[],"jnews_single_post":[],"jnews_primary_category":[],"jnews_override_counter":[],"footnotes":""},"categories":[41],"tags":[3977,3981,3979,3980,352,3978,319,680],"class_list":["post-2296","post","type-post","status-publish","format-standard","has-post-thumbnail","hentry","category-externe","tag-aliati-europeni","tag-capabilitati-esentiale","tag-comenzi","tag-forte-aeriene","tag-nato","tag-razboi-conventional","tag-responsabilitate","tag-statele-unite"],"_links":{"self":[{"href":"https:\/\/www.newsrecorder.ro\/app\/wp-json\/wp\/v2\/posts\/2296","targetHints":{"allow":["GET"]}}],"collection":[{"href":"https:\/\/www.newsrecorder.ro\/app\/wp-json\/wp\/v2\/posts"}],"about":[{"href":"https:\/\/www.newsrecorder.ro\/app\/wp-json\/wp\/v2\/types\/post"}],"author":[{"embeddable":true,"href":"https:\/\/www.newsrecorder.ro\/app\/wp-json\/wp\/v2\/users\/2"}],"replies":[{"embeddable":true,"href":"https:\/\/www.newsrecorder.ro\/app\/wp-json\/wp\/v2\/comments?post=2296"}],"version-history":[{"count":0,"href":"https:\/\/www.newsrecorder.ro\/app\/wp-json\/wp\/v2\/posts\/2296\/revisions"}],"wp:featuredmedia":[{"embeddable":true,"href":"https:\/\/www.newsrecorder.ro\/app\/wp-json\/wp\/v2\/media\/2297"}],"wp:attachment":[{"href":"https:\/\/www.newsrecorder.ro\/app\/wp-json\/wp\/v2\/media?parent=2296"}],"wp:term":[{"taxonomy":"category","embeddable":true,"href":"https:\/\/www.newsrecorder.ro\/app\/wp-json\/wp\/v2\/categories?post=2296"},{"taxonomy":"post_tag","embeddable":true,"href":"https:\/\/www.newsrecorder.ro\/app\/wp-json\/wp\/v2\/tags?post=2296"}],"curies":[{"name":"wp","href":"https:\/\/api.w.org\/{rel}","templated":true}]}}