{"id":2324,"date":"2026-02-10T19:42:52","date_gmt":"2026-02-10T19:42:52","guid":{"rendered":"https:\/\/www.newsrecorder.ro\/app\/2026\/02\/10\/avertizari-meteo-ploi-torentiale-vant-si-ninsori-viscolite-harta\/"},"modified":"2026-02-10T19:42:52","modified_gmt":"2026-02-10T19:42:52","slug":"avertizari-meteo-ploi-torentiale-vant-si-ninsori-viscolite-harta","status":"publish","type":"post","link":"https:\/\/www.newsrecorder.ro\/app\/2026\/02\/10\/avertizari-meteo-ploi-torentiale-vant-si-ninsori-viscolite-harta\/","title":{"rendered":"Avertiz\u0103ri meteo: Ploi toren\u021biale, v\u00e2nt \u0219i ninsori viscolite! HART\u0102"},"content":{"rendered":"<p>\u00cen perioada 5 februarie, ora 10:00 p\u00e2n\u0103 pe 6 februarie, ora 10:00, se va aplica o informare meteorologic\u0103 ce preconizeaz\u0103 precipita\u021bii moderate ca volum \u0219i intensific\u0103ri ale v\u00e2ntului \u00een majoritatea regiunilor \u021b\u0103rii.<\/p>\n<p>\u00cen acest interval, se a\u0219teapt\u0103 precipita\u021bii extinse, iar \u00een Moldova \u0219i estul Transilvaniei, \u00een noaptea de joi spre vineri, vor ap\u0103rea \u0219i lapovi\u021b\u0103 \u0219i ninsoare, cu riscuri de polei. \u00cen zonele montane, la altitudini de peste 1500 de metri, se va \u00eenregistra ninsoare consistent\u0103. \u00cen sudul \u0219i estul \u021b\u0103rii, cantit\u0103\u021bile de ap\u0103 vor varia \u00eentre 10 \u0219i 20 l\/mp, \u00een timp ce \u00een nord-estul Munteniei \u0219i sudul Moldovei se vor acumula cantit\u0103\u021bi mai mari, de peste 25 p\u00e2n\u0103 la 35 l\/mp.<\/p>\n<p>Intensific\u0103ri ale v\u00e2ntului se vor observa \u00een regiunile sud-vestice \u0219i estice, dar \u0219i \u00een alte zone, cu viteze medii de 40 p\u00e2n\u0103 la 50 km\/h. Pe crestele montane, rafalele vor dep\u0103\u0219i 80 p\u00e2n\u0103 la 90 km\/h.<\/p>\n<p><strong>Avertiz\u0103ri Cod galben de vreme sever\u0103<\/strong><\/p>\n<p>Meteorologii au emis \u0219i dou\u0103 avertiz\u0103ri de tip Cod galben. Prima dintre ele este activ\u0103 \u00een aceea\u0219i perioad\u0103, \u00eentre 5 februarie, ora 10:00 \u0219i 6 februarie, ora 10:00. Aceasta preconizeaz\u0103 precipita\u021bii semnificative, ninsori viscolite la munte \u0219i acumul\u0103ri de z\u0103pad\u0103.<\/p>\n<p>Conform ANM, \u00een jude\u021bele Prahova, Buz\u0103u \u0219i Vrancea, se vor \u00eenregistra ploi cu acumul\u0103ri de 25 p\u00e2n\u0103 la 35 l\/mp, iar izolat, cantit\u0103\u021bile pot dep\u0103\u0219i 40 p\u00e2n\u0103 la 50 l\/mp. \u00cen zonele montane din jude\u021bele Arge\u0219, D\u00e2mbovi\u021ba, Prahova, Buz\u0103u, Vrancea, Bra\u0219ov \u0219i Covasna, la altitudini de peste 1500 m, precipita\u021biile vor fi \u00een principal sub form\u0103 de ninsoare, cu un strat nou de z\u0103pad\u0103 de 15 p\u00e2n\u0103 la 30 cm (echivalentul \u00een ap\u0103 fiind de 20 p\u00e2n\u0103 la 30 l\/mp). V\u00e2ntul va avea intensific\u0103ri temporare, cu rafale de 90 p\u00e2n\u0103 la 100 km\/h, viscolind ninsoarea \u0219i reduc\u00e2nd vizibilitatea sub 100 m.<\/p>\n<p>Cea de-a doua avertizare Cod galben se refer\u0103 la v\u00e2nt puternic \u0219i este valabil\u0103 tot pe 5 februarie, \u00eentre ora 10:00 \u0219i 20:00. Aceasta vizeaz\u0103 jude\u021bul Cara\u0219-Severin \u0219i anumite zone din jude\u021bul Timi\u0219, unde v\u00e2ntul va avea intensific\u0103ri \u00eentre 50 \u0219i 70 km\/h. \u00cen Mun\u021bii Banatului \u0219i \u00een regiunile \u00eenalte din vestul Carpa\u021bilor Meridionali, rafalele vor atinge 90 p\u00e2n\u0103 la 100 km\/h, viscolind z\u0103pada acumulat\u0103, conform avertiz\u0103rilor ANM.<\/p>\n","protected":false},"excerpt":{"rendered":"<p>\u00cen perioada 5 februarie, ora 10:00 p\u00e2n\u0103 pe 6 februarie, ora 10:00, se va aplica o informare meteorologic\u0103 ce preconizeaz\u0103 precipita\u021bii moderate ca volum \u0219i intensific\u0103ri ale v\u00e2ntului \u00een majoritatea regiunilor \u021b\u0103rii. \u00cen acest interval, se a\u0219teapt\u0103 precipita\u021bii extinse, iar \u00een Moldova \u0219i estul Transilvaniei, \u00een noaptea de joi spre vineri, vor ap\u0103rea \u0219i lapovi\u021b\u0103 [&hellip;]<\/p>\n","protected":false},"author":5,"featured_media":2325,"comment_status":"open","ping_status":"open","sticky":false,"template":"","format":"standard","meta":{"jnews-multi-image_gallery":[],"jnews_single_post":[],"jnews_primary_category":[],"jnews_override_counter":[],"footnotes":""},"categories":[45],"tags":[196,4028,4029,743,136,135,137,1141],"class_list":["post-2324","post","type-post","status-publish","format-standard","has-post-thumbnail","hentry","category-meteo","tag-cod-galben","tag-informare-meteorologica","tag-lapovita","tag-ninsoare","tag-polei","tag-precipitatii","tag-vant","tag-vreme-severa"],"_links":{"self":[{"href":"https:\/\/www.newsrecorder.ro\/app\/wp-json\/wp\/v2\/posts\/2324","targetHints":{"allow":["GET"]}}],"collection":[{"href":"https:\/\/www.newsrecorder.ro\/app\/wp-json\/wp\/v2\/posts"}],"about":[{"href":"https:\/\/www.newsrecorder.ro\/app\/wp-json\/wp\/v2\/types\/post"}],"author":[{"embeddable":true,"href":"https:\/\/www.newsrecorder.ro\/app\/wp-json\/wp\/v2\/users\/5"}],"replies":[{"embeddable":true,"href":"https:\/\/www.newsrecorder.ro\/app\/wp-json\/wp\/v2\/comments?post=2324"}],"version-history":[{"count":0,"href":"https:\/\/www.newsrecorder.ro\/app\/wp-json\/wp\/v2\/posts\/2324\/revisions"}],"wp:featuredmedia":[{"embeddable":true,"href":"https:\/\/www.newsrecorder.ro\/app\/wp-json\/wp\/v2\/media\/2325"}],"wp:attachment":[{"href":"https:\/\/www.newsrecorder.ro\/app\/wp-json\/wp\/v2\/media?parent=2324"}],"wp:term":[{"taxonomy":"category","embeddable":true,"href":"https:\/\/www.newsrecorder.ro\/app\/wp-json\/wp\/v2\/categories?post=2324"},{"taxonomy":"post_tag","embeddable":true,"href":"https:\/\/www.newsrecorder.ro\/app\/wp-json\/wp\/v2\/tags?post=2324"}],"curies":[{"name":"wp","href":"https:\/\/api.w.org\/{rel}","templated":true}]}}