{"id":2326,"date":"2026-02-10T19:43:05","date_gmt":"2026-02-10T19:43:05","guid":{"rendered":"https:\/\/www.newsrecorder.ro\/app\/2026\/02\/10\/cuba-socheaza-0c-prima-data-in-istoria-masuratorilor\/"},"modified":"2026-02-10T19:43:05","modified_gmt":"2026-02-10T19:43:05","slug":"cuba-socheaza-0c-prima-data-in-istoria-masuratorilor","status":"publish","type":"post","link":"https:\/\/www.newsrecorder.ro\/app\/2026\/02\/10\/cuba-socheaza-0c-prima-data-in-istoria-masuratorilor\/","title":{"rendered":"Cuba \u0219ocheaz\u0103: 0\u00b0C, prima dat\u0103 \u00een istoria m\u0103sur\u0103torilor!"},"content":{"rendered":"<p>Mar\u021bi, sta\u021bia meteorologic\u0103 \u201eIndio Hatuey\u201d a \u00eenregistrat o temperatur\u0103 record de 0 grade Celsius, marc\u00e2nd prima dat\u0103 c\u00e2nd temperatura a atins punctul de \u00eenghe\u021b pe teritoriul cubanez. Aceast\u0103 valoare reprezint\u0103 un nou minim na\u021bional, conform informa\u021biilor publicate pe pagina de Facebook a Institutului de Meteorologie din Cuba.<\/p>\n<p>Precedentul record era de 0,6\u00b0C, \u00eenregistrat \u00een Bainoa, Mayabeque, pe 18 februarie 1996, o zon\u0103 \u00eenvecinat\u0103 cu Matanzas.<\/p>\n<p>Centrul meteorologic din provincia Matanzas a confirmat, de asemenea, apari\u021bia \u00eenghe\u021bului la nivelul culturilor din jurul sta\u021biei \u201eIndio Hatuey\u201d, un fenomen rar pentru o insul\u0103 cu un climat tropical.<\/p>\n<p>Conform <a style=\"color: #0000ff\" href=\"https:\/\/www.ndtv.com\/world-news\/tropical-cuba-registers-freezing-point-for-first-time-10941199\" target=\"_blank\" rel=\"noopener\">NDTV<\/a>, Cuba colecteaz\u0103 date meteorologice \u00eenc\u0103 din mijlocul secolului al XIX-lea, \u00eens\u0103 precizia acestor date a crescut semnificativ \u00eencep\u00e2nd cu a doua jum\u0103tate a secolului XX.<\/p>\n<p>Temperatura minim\u0103 istoric\u0103 \u00eenregistrat\u0103 pe insul\u0103 s-a petrecut \u00een contextul unui front rece extrem de puternic, provenind din America de Nord, care a adus o mas\u0103 de aer polar \u00een zona M\u0103rii Caraibelor.<\/p>\n<p>De asemenea, o parte din Statele Unite se confrunt\u0103 recent cu o iarn\u0103 sever\u0103, dup\u0103 ce o furtun\u0103 masiv\u0103 a provocat zeci de decese \u0219i a l\u0103sat sute de mii de oameni f\u0103r\u0103 electricitate.<\/p>\n","protected":false},"excerpt":{"rendered":"<p>Mar\u021bi, sta\u021bia meteorologic\u0103 \u201eIndio Hatuey\u201d a \u00eenregistrat o temperatur\u0103 record de 0 grade Celsius, marc\u00e2nd prima dat\u0103 c\u00e2nd temperatura a atins punctul de \u00eenghe\u021b pe teritoriul cubanez. Aceast\u0103 valoare reprezint\u0103 un nou minim na\u021bional, conform informa\u021biilor publicate pe pagina de Facebook a Institutului de Meteorologie din Cuba. Precedentul record era de 0,6\u00b0C, \u00eenregistrat \u00een Bainoa, [&hellip;]<\/p>\n","protected":false},"author":5,"featured_media":2327,"comment_status":"open","ping_status":"open","sticky":false,"template":"","format":"standard","meta":{"jnews-multi-image_gallery":[],"jnews_single_post":[],"jnews_primary_category":[],"jnews_override_counter":[],"footnotes":""},"categories":[45],"tags":[2788,1734,4032,1809,2785,4031,4033,4030],"class_list":["post-2326","post","type-post","status-publish","format-standard","has-post-thumbnail","hentry","category-meteo","tag-climat-tropical","tag-cuba","tag-date-meteorologice","tag-fenomene-meteorologice","tag-inghet","tag-institut-de-meteorologie","tag-minim-national","tag-temperatura-record"],"_links":{"self":[{"href":"https:\/\/www.newsrecorder.ro\/app\/wp-json\/wp\/v2\/posts\/2326","targetHints":{"allow":["GET"]}}],"collection":[{"href":"https:\/\/www.newsrecorder.ro\/app\/wp-json\/wp\/v2\/posts"}],"about":[{"href":"https:\/\/www.newsrecorder.ro\/app\/wp-json\/wp\/v2\/types\/post"}],"author":[{"embeddable":true,"href":"https:\/\/www.newsrecorder.ro\/app\/wp-json\/wp\/v2\/users\/5"}],"replies":[{"embeddable":true,"href":"https:\/\/www.newsrecorder.ro\/app\/wp-json\/wp\/v2\/comments?post=2326"}],"version-history":[{"count":0,"href":"https:\/\/www.newsrecorder.ro\/app\/wp-json\/wp\/v2\/posts\/2326\/revisions"}],"wp:featuredmedia":[{"embeddable":true,"href":"https:\/\/www.newsrecorder.ro\/app\/wp-json\/wp\/v2\/media\/2327"}],"wp:attachment":[{"href":"https:\/\/www.newsrecorder.ro\/app\/wp-json\/wp\/v2\/media?parent=2326"}],"wp:term":[{"taxonomy":"category","embeddable":true,"href":"https:\/\/www.newsrecorder.ro\/app\/wp-json\/wp\/v2\/categories?post=2326"},{"taxonomy":"post_tag","embeddable":true,"href":"https:\/\/www.newsrecorder.ro\/app\/wp-json\/wp\/v2\/tags?post=2326"}],"curies":[{"name":"wp","href":"https:\/\/api.w.org\/{rel}","templated":true}]}}