{"id":2336,"date":"2026-02-10T19:44:42","date_gmt":"2026-02-10T19:44:42","guid":{"rendered":"https:\/\/www.newsrecorder.ro\/app\/2026\/02\/10\/gerul-se-intoarce-in-romania-igsu-da-sfaturi-pentru-temperaturi-de-20c\/"},"modified":"2026-02-10T19:44:42","modified_gmt":"2026-02-10T19:44:42","slug":"gerul-se-intoarce-in-romania-igsu-da-sfaturi-pentru-temperaturi-de-20c","status":"publish","type":"post","link":"https:\/\/www.newsrecorder.ro\/app\/2026\/02\/10\/gerul-se-intoarce-in-romania-igsu-da-sfaturi-pentru-temperaturi-de-20c\/","title":{"rendered":"Gerul se \u00eentoarce \u00een Rom\u00e2nia: IGSU d\u0103 sfaturi pentru temperaturi de -20\u00b0C!"},"content":{"rendered":"<p>Gerul va fi resim\u021bit cu intensitate \u00een special diminea\u021ba \u0219i pe timpul nop\u021bii, afect\u00e2nd \u00een prima faz\u0103 zona Moldovei, urmat\u0103 de Dobrogea, estul Transilvaniei \u0219i Muntenia. De asemenea, vor fi zone \u00een Oltenia \u0219i sudul Banatului unde frigul va fi prezent. Temperaturile minime vor varia, \u00een general, \u00eentre -20 \u0219i -10 grade Celsius. \u00cen nordul Moldovei, frigul va persista \u0219i \u00een timpul zilei, cu maxime cuprinse \u00eentre -16 \u0219i -8 grade, conform informa\u021biilor oferite de Administra\u021bia Na\u021bional\u0103 de Meteorologie.<\/p>\n<p><strong>Inspectoratul General pentru Situa\u021bii de Urgen\u021b\u0103 (IGSU) \u00eendeamn\u0103 popula\u021bia s\u0103 foloseasc\u0103 sursele de \u00eenc\u0103lzire din locuin\u021be cu mare aten\u021bie, s\u0103 se asigure c\u0103 animalele au parte de protec\u021bie \u00eempotriva frigului<\/strong>, s\u0103 semnaleze autorit\u0103\u021bilor cazurile de persoane f\u0103r\u0103 ad\u0103post \u0219i s\u0103 circule cu pruden\u021b\u0103 pe drumurile alunecoase, echip\u00e2nd autoturismele corespunz\u0103tor pentru sezonul rece.<\/p>\n<p><strong>Este esen\u021bial ca locuin\u021bele s\u0103 fie \u00eenc\u0103lzite cu grij\u0103. Sursele de \u00eenc\u0103lzire trebuie verificate riguros \u0219i utilizate \u00een condi\u021bii de siguran\u021b\u0103. Este recomandat s\u0103 se evite improviza\u021biile la sobe \u0219i s\u0103 nu se adoarm\u0103 cu focul aprins.<\/strong><\/p>\n<p><strong>Animalele de companie, de asemenea, sunt vulnerabile la temperaturile sc\u0103zute. Asigurarea unui ad\u0103post adecvat \u0219i o aten\u021bie sporit\u0103 pot preveni efectele negative ale gerului asupra lor.<\/strong><\/p>\n<p><strong>Persoanele f\u0103r\u0103 ad\u0103post, care sunt expuse riscurilor generate de temperaturile sc\u0103zute, trebuie raportate autorit\u0103\u021bilor pentru a beneficia de ajutorul necesar.<\/strong><\/p>\n<p>\u0218oferii trebuie s\u0103 manifeste precau\u021bie, deoarece <strong>temperaturile sc\u0103zute pot transforma carosabilul \u00een unul alunecos<\/strong>. Este recomandat\u0103 reducerea vitezei, men\u021binerea unei distan\u021be adecvate fa\u021b\u0103 de alte vehicule \u0219i asigurarea c\u0103 ma\u0219ina este preg\u0103tit\u0103 pentru condi\u021biile de iarn\u0103.<\/p>\n","protected":false},"excerpt":{"rendered":"<p>Gerul va fi resim\u021bit cu intensitate \u00een special diminea\u021ba \u0219i pe timpul nop\u021bii, afect\u00e2nd \u00een prima faz\u0103 zona Moldovei, urmat\u0103 de Dobrogea, estul Transilvaniei \u0219i Muntenia. De asemenea, vor fi zone \u00een Oltenia \u0219i sudul Banatului unde frigul va fi prezent. Temperaturile minime vor varia, \u00een general, \u00eentre -20 \u0219i -10 grade Celsius. \u00cen nordul [&hellip;]<\/p>\n","protected":false},"author":5,"featured_media":2337,"comment_status":"open","ping_status":"open","sticky":false,"template":"","format":"standard","meta":{"jnews-multi-image_gallery":[],"jnews_single_post":[],"jnews_primary_category":[],"jnews_override_counter":[],"footnotes":""},"categories":[45],"tags":[2253,4035,564,2254,871,4036,126,263],"class_list":["post-2336","post","type-post","status-publish","format-standard","has-post-thumbnail","hentry","category-meteo","tag-dobrogea","tag-gerul","tag-iarna","tag-igsu","tag-moldova","tag-muntenia","tag-temperaturi","tag-transilvania"],"_links":{"self":[{"href":"https:\/\/www.newsrecorder.ro\/app\/wp-json\/wp\/v2\/posts\/2336","targetHints":{"allow":["GET"]}}],"collection":[{"href":"https:\/\/www.newsrecorder.ro\/app\/wp-json\/wp\/v2\/posts"}],"about":[{"href":"https:\/\/www.newsrecorder.ro\/app\/wp-json\/wp\/v2\/types\/post"}],"author":[{"embeddable":true,"href":"https:\/\/www.newsrecorder.ro\/app\/wp-json\/wp\/v2\/users\/5"}],"replies":[{"embeddable":true,"href":"https:\/\/www.newsrecorder.ro\/app\/wp-json\/wp\/v2\/comments?post=2336"}],"version-history":[{"count":0,"href":"https:\/\/www.newsrecorder.ro\/app\/wp-json\/wp\/v2\/posts\/2336\/revisions"}],"wp:featuredmedia":[{"embeddable":true,"href":"https:\/\/www.newsrecorder.ro\/app\/wp-json\/wp\/v2\/media\/2337"}],"wp:attachment":[{"href":"https:\/\/www.newsrecorder.ro\/app\/wp-json\/wp\/v2\/media?parent=2336"}],"wp:term":[{"taxonomy":"category","embeddable":true,"href":"https:\/\/www.newsrecorder.ro\/app\/wp-json\/wp\/v2\/categories?post=2336"},{"taxonomy":"post_tag","embeddable":true,"href":"https:\/\/www.newsrecorder.ro\/app\/wp-json\/wp\/v2\/tags?post=2336"}],"curies":[{"name":"wp","href":"https:\/\/api.w.org\/{rel}","templated":true}]}}