{"id":2368,"date":"2026-02-10T20:42:19","date_gmt":"2026-02-10T20:42:19","guid":{"rendered":"https:\/\/www.newsrecorder.ro\/app\/2026\/02\/10\/rapid-eliminata-din-cupa-romaniei-un-sezon-ratat\/"},"modified":"2026-02-10T20:42:19","modified_gmt":"2026-02-10T20:42:19","slug":"rapid-eliminata-din-cupa-romaniei-un-sezon-ratat","status":"publish","type":"post","link":"https:\/\/www.newsrecorder.ro\/app\/2026\/02\/10\/rapid-eliminata-din-cupa-romaniei-un-sezon-ratat\/","title":{"rendered":"Rapid, eliminat\u0103 din Cupa Rom\u00e2niei: Un sezon ratat!"},"content":{"rendered":"<p>Echipa Rapid Bucure\u0219ti a fost exclus\u0103 din competi\u021bia Cupei Rom\u00e2niei, dup\u0103 un meci care s-a desf\u0103\u0219urat mar\u021bi seara la Cluj-Napoca. Partida disputat\u0103 \u00eempotriva celor de la CFR a fost una tensionat\u0103, \u00eencheindu-se cu un rezultat de egalitate, 1-1.<\/p>\n<p>\u00cen cea de-a doua confruntare din grup\u0103, FC Arge\u0219 a reu\u0219it o victorie \u00een deplasare, \u00eenving\u00e2nd forma\u021bia CSC Dumbr\u0103vi\u021ba cu 2-1. Aceast\u0103 victorie le-a permis arge\u0219enilor s\u0103 c\u00e2\u0219tige grupa, termin\u00e2nd cu un punctaj maxim de 9 puncte. CFR Cluj s-a clasat pe locul doi, acumul\u00e2nd 5 puncte.<\/p>\n<p>Din p\u0103cate, Rapid a \u00eencheiat competi\u021bia pe locul trei, cu un total de 4 puncte. Destinul echipelor care se vor califica \u00een fazele superioare ale Cupei Rom\u00e2niei va fi decis \u00een zilele de miercuri \u0219i joi.<\/p>\n","protected":false},"excerpt":{"rendered":"<p>Echipa Rapid Bucure\u0219ti a fost exclus\u0103 din competi\u021bia Cupei Rom\u00e2niei, dup\u0103 un meci care s-a desf\u0103\u0219urat mar\u021bi seara la Cluj-Napoca. Partida disputat\u0103 \u00eempotriva celor de la CFR a fost una tensionat\u0103, \u00eencheindu-se cu un rezultat de egalitate, 1-1. \u00cen cea de-a doua confruntare din grup\u0103, FC Arge\u0219 a reu\u0219it o victorie \u00een deplasare, \u00eenving\u00e2nd forma\u021bia [&hellip;]<\/p>\n","protected":false},"author":2,"featured_media":2369,"comment_status":"open","ping_status":"open","sticky":false,"template":"","format":"standard","meta":{"jnews-multi-image_gallery":[],"jnews_single_post":[],"jnews_primary_category":[],"jnews_override_counter":[],"footnotes":""},"categories":[39],"tags":[981,56,4071,1246,3517,4072,57,114],"class_list":["post-2368","post","type-post","status-publish","format-standard","has-post-thumbnail","hentry","category-stirile-zilei","tag-cfr-cluj","tag-competitie","tag-cs-dumbravita","tag-cupa-romaniei","tag-fc-arges","tag-grupa","tag-meci","tag-rapid-bucuresti"],"_links":{"self":[{"href":"https:\/\/www.newsrecorder.ro\/app\/wp-json\/wp\/v2\/posts\/2368","targetHints":{"allow":["GET"]}}],"collection":[{"href":"https:\/\/www.newsrecorder.ro\/app\/wp-json\/wp\/v2\/posts"}],"about":[{"href":"https:\/\/www.newsrecorder.ro\/app\/wp-json\/wp\/v2\/types\/post"}],"author":[{"embeddable":true,"href":"https:\/\/www.newsrecorder.ro\/app\/wp-json\/wp\/v2\/users\/2"}],"replies":[{"embeddable":true,"href":"https:\/\/www.newsrecorder.ro\/app\/wp-json\/wp\/v2\/comments?post=2368"}],"version-history":[{"count":0,"href":"https:\/\/www.newsrecorder.ro\/app\/wp-json\/wp\/v2\/posts\/2368\/revisions"}],"wp:featuredmedia":[{"embeddable":true,"href":"https:\/\/www.newsrecorder.ro\/app\/wp-json\/wp\/v2\/media\/2369"}],"wp:attachment":[{"href":"https:\/\/www.newsrecorder.ro\/app\/wp-json\/wp\/v2\/media?parent=2368"}],"wp:term":[{"taxonomy":"category","embeddable":true,"href":"https:\/\/www.newsrecorder.ro\/app\/wp-json\/wp\/v2\/categories?post=2368"},{"taxonomy":"post_tag","embeddable":true,"href":"https:\/\/www.newsrecorder.ro\/app\/wp-json\/wp\/v2\/tags?post=2368"}],"curies":[{"name":"wp","href":"https:\/\/api.w.org\/{rel}","templated":true}]}}