{"id":2402,"date":"2026-02-11T06:15:49","date_gmt":"2026-02-11T06:15:49","guid":{"rendered":"https:\/\/www.newsrecorder.ro\/app\/2026\/02\/11\/tragedie-in-ucraina-atac-aerian-rusesc-rapeste-vieti-de-copii-si-adulti\/"},"modified":"2026-02-11T06:15:49","modified_gmt":"2026-02-11T06:15:49","slug":"tragedie-in-ucraina-atac-aerian-rusesc-rapeste-vieti-de-copii-si-adulti","status":"publish","type":"post","link":"https:\/\/www.newsrecorder.ro\/app\/2026\/02\/11\/tragedie-in-ucraina-atac-aerian-rusesc-rapeste-vieti-de-copii-si-adulti\/","title":{"rendered":"Tragedie \u00een Ucraina: Atac aerian rusesc r\u0103pe\u0219te vie\u021bi de copii \u0219i adul\u021bi"},"content":{"rendered":"<p>\u00centr-un tragic incident din ora\u0219ul Bogoduhiv, situat aproape de grani\u021ba cu Rusia, au fost raportate patru decese, printre care se num\u0103r\u0103 doi b\u0103ie\u021bi \u00een v\u00e2rst\u0103 de un an \u0219i o feti\u021b\u0103 de doi ani. Informa\u021bia a fost confirmat\u0103 de o surs\u0103 citat\u0103 de <a href=\"https:\/\/www.lefigaro.fr\/international\/guerre-en-ukraine-une-frappe-russe-fait-quatre-morts-dont-trois-jeunes-enfants-20260211\" target=\"_blank\" rel=\"noopener\">Le Figaro<\/a>.<\/p>\n<p>Pe l\u00e2ng\u0103 cei trei copii, un b\u0103rbat de 34 de ani, care se afla \u00eempreun\u0103 cu ace\u0219tia, a fost, de asemenea, ucis. Detalii suplimentare cu privire la identitatea acestuia, inclusiv dac\u0103 este tat\u0103l copiilor, nu au fost furnizate p\u00e2n\u0103 \u00een prezent.<\/p>\n<p>Mai mult, Oleg Synegubov a declarat c\u0103 o femeie \u00eens\u0103rcinat\u0103 \u00een v\u00e2rst\u0103 de 35 de ani a suferit r\u0103ni \u00een urma unui atac aerian care a avut loc \u00een aceea\u0219i localitate. De asemenea, este important de men\u021bionat c\u0103, \u00een cursul zilei de luni, o alt\u0103 femeie \u0219i un copil de 10 ani au fost deja victime ale unui atac aerian \u00een Bogoduhiv.<\/p>\n<p>Atacurile aeriene efectuate de <a href=\"https:\/\/www.mediafax.ro\/externe\/avertismentul-unui-general-rusia-ar-putea-invada-norvegia-pentru-a-si-proteja-armele-nucleare-23684956\" target=\"_blank\" rel=\"noopener\">Moscova<\/a> sunt o realitate zilnic\u0103 \u00een Ucraina, cu un impact devastator asupra popula\u021biei civile.<\/p>\n<p>Conform unui raport emis de Misiunea ONU de Monitorizare a Drepturilor Omului \u00een Ucraina (HRMU) la \u00eenceputul lunii ianuarie, aproape 15.000 de civili ucraineni au fost uci\u0219i \u0219i peste 40.600 r\u0103ni\u021bi de la \u00eenceputul invaziei ruse\u0219ti din 24 februarie 2022. Acest raport subliniaz\u0103 c\u0103 anul 2025 s-a dovedit a fi cel mai s\u00e2ngeros de la \u00eenceputul conflictului, cu peste 2.500 de civili pierz\u00e2ndu-\u0219i via\u021ba.<\/p>\n","protected":false},"excerpt":{"rendered":"<p>\u00centr-un tragic incident din ora\u0219ul Bogoduhiv, situat aproape de grani\u021ba cu Rusia, au fost raportate patru decese, printre care se num\u0103r\u0103 doi b\u0103ie\u021bi \u00een v\u00e2rst\u0103 de un an \u0219i o feti\u021b\u0103 de doi ani. Informa\u021bia a fost confirmat\u0103 de o surs\u0103 citat\u0103 de Le Figaro. Pe l\u00e2ng\u0103 cei trei copii, un b\u0103rbat de 34 de [&hellip;]<\/p>\n","protected":false},"author":2,"featured_media":2403,"comment_status":"open","ping_status":"open","sticky":false,"template":"","format":"standard","meta":{"jnews-multi-image_gallery":[],"jnews_single_post":[],"jnews_primary_category":[],"jnews_override_counter":[],"footnotes":""},"categories":[41],"tags":[2182,4140,1176,4141,1034,2186,682,694],"class_list":["post-2402","post","type-post","status-publish","format-standard","has-post-thumbnail","hentry","category-externe","tag-atac-aerian","tag-bogoduhiv","tag-copii","tag-decese","tag-moscova","tag-ranit","tag-ucraina","tag-victime"],"_links":{"self":[{"href":"https:\/\/www.newsrecorder.ro\/app\/wp-json\/wp\/v2\/posts\/2402","targetHints":{"allow":["GET"]}}],"collection":[{"href":"https:\/\/www.newsrecorder.ro\/app\/wp-json\/wp\/v2\/posts"}],"about":[{"href":"https:\/\/www.newsrecorder.ro\/app\/wp-json\/wp\/v2\/types\/post"}],"author":[{"embeddable":true,"href":"https:\/\/www.newsrecorder.ro\/app\/wp-json\/wp\/v2\/users\/2"}],"replies":[{"embeddable":true,"href":"https:\/\/www.newsrecorder.ro\/app\/wp-json\/wp\/v2\/comments?post=2402"}],"version-history":[{"count":0,"href":"https:\/\/www.newsrecorder.ro\/app\/wp-json\/wp\/v2\/posts\/2402\/revisions"}],"wp:featuredmedia":[{"embeddable":true,"href":"https:\/\/www.newsrecorder.ro\/app\/wp-json\/wp\/v2\/media\/2403"}],"wp:attachment":[{"href":"https:\/\/www.newsrecorder.ro\/app\/wp-json\/wp\/v2\/media?parent=2402"}],"wp:term":[{"taxonomy":"category","embeddable":true,"href":"https:\/\/www.newsrecorder.ro\/app\/wp-json\/wp\/v2\/categories?post=2402"},{"taxonomy":"post_tag","embeddable":true,"href":"https:\/\/www.newsrecorder.ro\/app\/wp-json\/wp\/v2\/tags?post=2402"}],"curies":[{"name":"wp","href":"https:\/\/api.w.org\/{rel}","templated":true}]}}