{"id":2406,"date":"2026-02-11T06:16:19","date_gmt":"2026-02-11T06:16:19","guid":{"rendered":"https:\/\/www.newsrecorder.ro\/app\/2026\/02\/11\/demisia-ministrului-de-interne-din-portugalia-dupa-criza-meteorologica\/"},"modified":"2026-02-11T06:16:19","modified_gmt":"2026-02-11T06:16:19","slug":"demisia-ministrului-de-interne-din-portugalia-dupa-criza-meteorologica","status":"publish","type":"post","link":"https:\/\/www.newsrecorder.ro\/app\/2026\/02\/11\/demisia-ministrului-de-interne-din-portugalia-dupa-criza-meteorologica\/","title":{"rendered":"Demisia Ministrului de Interne din Portugalia dup\u0103 criza meteorologic\u0103!"},"content":{"rendered":"<p>Pre\u0219edintele Marcelo Rebelo de Sousa a acceptat demisia ministrului de interne, Maria Lucia Amaral, conform unui comunicat publicat pe site-ul preziden\u021bial. \u00cen document, ministrul a men\u021bionat c\u0103 \u201enu dispune de condi\u021biile personale \u0219i politice necesare pentru a-\u0219i \u00eendeplini atribu\u021biile\u201d.<\/p>\n<p>Demisia a fost generat\u0103 de criticile primite pentru gestionarea crizei cauzate de furtunile devastatoare care au afectat Portugalia \u00een ultimele zile. Secretarul general al Partidului Socialist, Jos\u00e9 Luis Carneiro, a declarat pentru pres\u0103 c\u0103 \u201edemisia ministrului de Interne este o dovad\u0103 a e\u0219ecului guvernului \u00een a r\u0103spunde la aceast\u0103 situa\u021bie de urgen\u021b\u0103\u201d.<\/p>\n<p>Furtuna Kristin a adus v\u00e2nturi violente, provoc\u00e2nd cinci decese \u00een Portugalia s\u0103pt\u0103m\u00e2na trecut\u0103 \u0219i provoc\u00e2nd pagube considerabile. Peninsula Iberic\u0103 se afl\u0103 \u00een centrul schimb\u0103rilor climatice din Europa, confrunt\u00e2ndu-se cu valuri de c\u0103ldur\u0103 tot mai prelungite \u0219i episoade de precipita\u021bii abundente, din ce \u00een ce mai frecvente \u0219i intense.<\/p>\n<p>\u00cen urma unei campanii electorale puternic afectate de condi\u021biile meteorologice nefavorabile din ultimele dou\u0103 s\u0103pt\u0103m\u00e2ni, portughezii au votat duminic\u0103 un nou pre\u0219edinte. Ace\u0219tia l-au ales pe socialistul moderat Ant\u00f3nio Jos\u00e9 Seguro, marc\u00e2nd astfel o schimbare \u00een conducerea \u021b\u0103rii.<\/p>\n","protected":false},"excerpt":{"rendered":"<p>Pre\u0219edintele Marcelo Rebelo de Sousa a acceptat demisia ministrului de interne, Maria Lucia Amaral, conform unui comunicat publicat pe site-ul preziden\u021bial. \u00cen document, ministrul a men\u021bionat c\u0103 \u201enu dispune de condi\u021biile personale \u0219i politice necesare pentru a-\u0219i \u00eendeplini atribu\u021biile\u201d. Demisia a fost generat\u0103 de criticile primite pentru gestionarea crizei cauzate de furtunile devastatoare care au [&hellip;]<\/p>\n","protected":false},"author":2,"featured_media":2407,"comment_status":"open","ping_status":"open","sticky":false,"template":"","format":"standard","meta":{"jnews-multi-image_gallery":[],"jnews_single_post":[],"jnews_primary_category":[],"jnews_override_counter":[],"footnotes":""},"categories":[41],"tags":[2403,2079,3137,4150,4151,4152,3140,1641],"class_list":["post-2406","post","type-post","status-publish","format-standard","has-post-thumbnail","hentry","category-externe","tag-criza","tag-demisie","tag-furtuni","tag-marcela-rebelo-de-sousa","tag-maria-lucia-amaral","tag-partidul-socialist","tag-portugalia","tag-schimbari-climatice"],"_links":{"self":[{"href":"https:\/\/www.newsrecorder.ro\/app\/wp-json\/wp\/v2\/posts\/2406","targetHints":{"allow":["GET"]}}],"collection":[{"href":"https:\/\/www.newsrecorder.ro\/app\/wp-json\/wp\/v2\/posts"}],"about":[{"href":"https:\/\/www.newsrecorder.ro\/app\/wp-json\/wp\/v2\/types\/post"}],"author":[{"embeddable":true,"href":"https:\/\/www.newsrecorder.ro\/app\/wp-json\/wp\/v2\/users\/2"}],"replies":[{"embeddable":true,"href":"https:\/\/www.newsrecorder.ro\/app\/wp-json\/wp\/v2\/comments?post=2406"}],"version-history":[{"count":0,"href":"https:\/\/www.newsrecorder.ro\/app\/wp-json\/wp\/v2\/posts\/2406\/revisions"}],"wp:featuredmedia":[{"embeddable":true,"href":"https:\/\/www.newsrecorder.ro\/app\/wp-json\/wp\/v2\/media\/2407"}],"wp:attachment":[{"href":"https:\/\/www.newsrecorder.ro\/app\/wp-json\/wp\/v2\/media?parent=2406"}],"wp:term":[{"taxonomy":"category","embeddable":true,"href":"https:\/\/www.newsrecorder.ro\/app\/wp-json\/wp\/v2\/categories?post=2406"},{"taxonomy":"post_tag","embeddable":true,"href":"https:\/\/www.newsrecorder.ro\/app\/wp-json\/wp\/v2\/tags?post=2406"}],"curies":[{"name":"wp","href":"https:\/\/api.w.org\/{rel}","templated":true}]}}