{"id":2408,"date":"2026-02-11T06:50:49","date_gmt":"2026-02-11T06:50:49","guid":{"rendered":"https:\/\/www.newsrecorder.ro\/app\/2026\/02\/11\/criza-apei-in-arges-pnl-cere-extinderea-starii-de-alerta-in-judet\/"},"modified":"2026-02-11T06:50:49","modified_gmt":"2026-02-11T06:50:49","slug":"criza-apei-in-arges-pnl-cere-extinderea-starii-de-alerta-in-judet","status":"publish","type":"post","link":"https:\/\/www.newsrecorder.ro\/app\/2026\/02\/11\/criza-apei-in-arges-pnl-cere-extinderea-starii-de-alerta-in-judet\/","title":{"rendered":"Criza apei \u00een Arge\u0219: PNL cere extinderea st\u0103rii de alert\u0103 \u00een jude\u021b!"},"content":{"rendered":"<p>PNL Arge\u0219 a lansat, mar\u021bi seara, un comunicat de pres\u0103 prin care critic\u0103 decizia autorit\u0103\u021bilor de a declara stare de alert\u0103 doar pentru municipiul Curtea de Arge\u0219, \u00een condi\u021biile \u00een care alte patru localit\u0103\u021bi se confrunt\u0103 cu lipsa apei potabile. Partidul consider\u0103 c\u0103 aceast\u0103 reac\u021bie a autorit\u0103\u021bilor este \u201et\u00e2rzie, ezitant\u0103 \u0219i lipsit\u0103 de m\u0103suri concrete\u201d.<\/p>\n<p>\u201eTrei luni f\u0103r\u0103 ap\u0103 potabil\u0103. Starea de alert\u0103 a fost declarat\u0103 ezitant \u0219i formal. Dup\u0103 o perioad\u0103 at\u00e2t de lung\u0103, \u00een care peste 50.000 de oameni au tr\u0103it f\u0103r\u0103 ap\u0103 potabil\u0103, autorit\u0103\u021bile au reac\u021bionat tardiv. Prefectul Ioana F\u0103c\u0103lea\u021b\u0103 \u0219i primarul Constantin Pan\u021burescu au ac\u021bionat f\u0103r\u0103 asumare: starea de alert\u0103 se aplic\u0103 doar pentru Curtea de Arge\u0219, de\u0219i alte localit\u0103\u021bi sunt afectate, iar problema nu este men\u021bionat\u0103 corect \u00een documentele oficiale\u201d, se arat\u0103 \u00een comunicatul PNL Arge\u0219.<\/p>\n<p>\u00cen acest context, PNL Arge\u0219 solicit\u0103 extinderea st\u0103rii de alert\u0103 \u0219i pentru celelalte trei localit\u0103\u021bi afectate de criza apei: B\u0103icule\u0219ti, Valea Ia\u0219ului \u0219i Valea Danului. De asemenea, ei cer suplimentarea rezervoarelor de ap\u0103 \u0219i suspendarea factur\u0103rii p\u00e2n\u0103 c\u00e2nd apa devine potabil\u0103.<\/p>\n<p>Referitor la situa\u021bia apei potabile din Curtea de Arge\u0219, un <a style=\"color: #0000ff\" href=\"https:\/\/www.mediafax.ro\/economic\/raport-despre-statia-de-la-curtea-de-arges-turbiditatea-apei-brute-la-intrare-aproximativ-egala-cu-cea-de-la-iesire-bazinele-de-apa-filtrata-nu-au-fost-curatate-si-dezinfectate-de-aproxim-23684606\">raport<\/a> \u00eentocmit de speciali\u0219tii Veolia, consultat \u00een exclusivitate de Mediafax, eviden\u021biaz\u0103 problemele grave descoperite la Sta\u021bia de produc\u021bie \u0219i tratare a apei potabile din Curtea de Arge\u0219. Aceasta a devenit subiect de discu\u021bie public\u0103 \u00een contextul sc\u0103derii nivelului apei din lacul de acumulare Vidraru \u0219i propune o retehnologizare urgent\u0103.<\/p>\n<p>\u201eSta\u021bia este func\u021bional\u0103, dar prezint\u0103 riscuri opera\u021bionale semnificative. Interven\u021biile recomandate sunt prioritare pentru siguran\u021ba procesului \u0219i trebuie realizate de urgen\u021b\u0103\u201d, concluzioneaz\u0103 speciali\u0219tii de la Veolia Rom\u00e2nia Solu\u021bii Integrate S.A. \u00een raportul trimis autorit\u0103\u021bilor locale dup\u0103 controlul efectuat la sta\u021bia care deserveste municipiul Curtea de Arge\u0219 \u0219i comunele \u00eenvecinate B\u0103icule\u0219ti, Valea Ia\u0219ului, Valea Danului \u0219i Albe\u0219ti.<\/p>\n<p>\u00cen acest context, ministra Mediului, Diana Buzoianu, a declarat mar\u021bi seara, \u00een cadrul unei emisiuni la B1 TV, c\u0103 \u201eapa potabil\u0103 este gestionat\u0103 de compania Aquaterm, aflat\u0103 \u00een subordinea Consiliului Local\u201d.<\/p>\n<p>\u201eCunoa\u0219tem exact informa\u021biile publice furnizate de Hidroelectrica \u0219i operatorul de ap\u0103 potabil\u0103. Este important de men\u021bionat c\u0103 barajul Vidraru este administrat de Hidroelectrica. Au fost multe \u00eentreb\u0103ri adresate Ministerului Mediului, care, \u00een aceast\u0103 situa\u021bie, nu are \u00een administrare barajul. Observ\u0103m o situa\u021bie prelungit\u0103, iar compania responsabil\u0103, din lips\u0103 de investi\u021bii, nu are capacitatea de a trata apa. Prim\u0103ria \u0219i Consiliul Local nu au alocat fondurile necesare sau, dac\u0103 le-au alocat, nu le-au utilizat pentru a efectua investi\u021biile necesare\u201d, a ad\u0103ugat Diana Buzoianu.<\/p>\n<p>Locuitorii din B\u0103icule\u0219ti, Valea Ia\u0219ului, Valea Danului \u0219i municipiul Curtea de Arge\u0219 au primit luni seara <a style=\"color: #0000ff\" href=\"https:\/\/www.mediafax.ro\/stirile-zilei\/apa-contaminata-cu-o-bacterie-in-4-localitati-din-arges-populatia-a-primit-mesaj-ro-alert-23684339\">mesaje Ro-Alert<\/a> cu privire la prezen\u021ba bacteriei Clostridium perfringens \u00een ap\u0103.<\/p>\n<p>\u201eCa m\u0103sur\u0103 de protec\u021bie a s\u0103n\u0103t\u0103\u021bii popula\u021biei, este interzis\u0103 utilizarea apei pentru consum uman, animal sau igiena personal\u0103. Locuitorii sunt ruga\u021bi s\u0103 utilizeze ap\u0103 din sursele autorizate de autorit\u0103\u021bile locale, din izvoare verificate sau ap\u0103 \u00eembuteliat\u0103\u201d, a transmis ISU Arge\u0219 luni seara.<\/p>\n","protected":false},"excerpt":{"rendered":"<p>PNL Arge\u0219 a lansat, mar\u021bi seara, un comunicat de pres\u0103 prin care critic\u0103 decizia autorit\u0103\u021bilor de a declara stare de alert\u0103 doar pentru municipiul Curtea de Arge\u0219, \u00een condi\u021biile \u00een care alte patru localit\u0103\u021bi se confrunt\u0103 cu lipsa apei potabile. Partidul consider\u0103 c\u0103 aceast\u0103 reac\u021bie a autorit\u0103\u021bilor este \u201et\u00e2rzie, ezitant\u0103 \u0219i lipsit\u0103 de m\u0103suri concrete\u201d. [&hellip;]<\/p>\n","protected":false},"author":2,"featured_media":2409,"comment_status":"open","ping_status":"open","sticky":false,"template":"","format":"standard","meta":{"jnews-multi-image_gallery":[],"jnews_single_post":[],"jnews_primary_category":[],"jnews_override_counter":[],"footnotes":""},"categories":[42],"tags":[4019,2136,2826,4155,3037,4154,4156,4153],"class_list":["post-2408","post","type-post","status-publish","format-standard","has-post-thumbnail","hentry","category-politica","tag-apa-potabila","tag-autoritati","tag-curtea-de-arges","tag-lipsa-apa","tag-localitati-afectate","tag-pnl-arges","tag-reactie-tardiva","tag-stare-de-alerta"],"_links":{"self":[{"href":"https:\/\/www.newsrecorder.ro\/app\/wp-json\/wp\/v2\/posts\/2408","targetHints":{"allow":["GET"]}}],"collection":[{"href":"https:\/\/www.newsrecorder.ro\/app\/wp-json\/wp\/v2\/posts"}],"about":[{"href":"https:\/\/www.newsrecorder.ro\/app\/wp-json\/wp\/v2\/types\/post"}],"author":[{"embeddable":true,"href":"https:\/\/www.newsrecorder.ro\/app\/wp-json\/wp\/v2\/users\/2"}],"replies":[{"embeddable":true,"href":"https:\/\/www.newsrecorder.ro\/app\/wp-json\/wp\/v2\/comments?post=2408"}],"version-history":[{"count":0,"href":"https:\/\/www.newsrecorder.ro\/app\/wp-json\/wp\/v2\/posts\/2408\/revisions"}],"wp:featuredmedia":[{"embeddable":true,"href":"https:\/\/www.newsrecorder.ro\/app\/wp-json\/wp\/v2\/media\/2409"}],"wp:attachment":[{"href":"https:\/\/www.newsrecorder.ro\/app\/wp-json\/wp\/v2\/media?parent=2408"}],"wp:term":[{"taxonomy":"category","embeddable":true,"href":"https:\/\/www.newsrecorder.ro\/app\/wp-json\/wp\/v2\/categories?post=2408"},{"taxonomy":"post_tag","embeddable":true,"href":"https:\/\/www.newsrecorder.ro\/app\/wp-json\/wp\/v2\/tags?post=2408"}],"curies":[{"name":"wp","href":"https:\/\/api.w.org\/{rel}","templated":true}]}}