{"id":2410,"date":"2026-02-11T08:11:39","date_gmt":"2026-02-11T08:11:39","guid":{"rendered":"https:\/\/www.newsrecorder.ro\/app\/2026\/02\/11\/europarlamentarii-ameninta-cu-suspendarea-pactului-cu-sua-in-fata-lui-trump\/"},"modified":"2026-02-11T08:11:39","modified_gmt":"2026-02-11T08:11:39","slug":"europarlamentarii-ameninta-cu-suspendarea-pactului-cu-sua-in-fata-lui-trump","status":"publish","type":"post","link":"https:\/\/www.newsrecorder.ro\/app\/2026\/02\/11\/europarlamentarii-ameninta-cu-suspendarea-pactului-cu-sua-in-fata-lui-trump\/","title":{"rendered":"Europarlamentarii amenin\u021b\u0103 cu suspendarea pactului cu SUA \u00een fa\u021ba lui Trump!"},"content":{"rendered":"<p>Recent, europarlamentarii au ajuns la un consens privind avansarea ratific\u0103rii pactului comercial UE-SUA, dorind s\u0103 introduc\u0103 o clauz\u0103 de expirare \u00een martie 2028. De asemenea, s-a stabilit un termen de \u0219ase luni pentru evaluarea m\u0103surilor pe care Washingtonul le va adopta \u00een vederea reducerii tarifelor la produsele derivate din o\u021bel \u0219i aluminiu, conform informa\u021biilor furnizate de <a href=\"https:\/\/efe.com\/euro-efe\/eurocamara-pacto-comercial-eeuu-trump\/\" target=\"_blank\" rel=\"noopener\">EFE<\/a>.<\/p>\n<p>Acordul, ini\u021biat \u00een vara anului 2025 pentru a preveni o escaladare a tarifelor comerciale \u00eentre Uniunea European\u0103 \u0219i Statele Unite, ar putea fi supus votului \u00een Comisia pentru Comer\u021b Interna\u021bional a Parlamentului European pe 24 februarie. Dup\u0103 aceast\u0103 etap\u0103, ar urma s\u0103 fie discutat \u0219i \u00een plenul Europarlamentului \u00een luna martie, \u00eenainte de a \u00eencepe negocierea formei finale cu statele membre ale Uniunii Europene.<\/p>\n<p>Printre clauzele convenite se num\u0103r\u0103 \u0219i op\u021biunea ca Bruxellesul s\u0103 revizuiasc\u0103 acordul \u00een ansamblu dac\u0103 administra\u021bia Trump nu va reduce tarifele pentru produsele derivate din o\u021bel de la 50% la 15%. Aceast\u0103 reducere ar viza majoritatea produselor europene care sunt exportate \u00een SUA.<\/p>\n<p>Dac\u0103 acordul se va aplica conform condi\u021biilor stabilite vara trecut\u0103, produsele americane vor putea accesa pia\u021ba UE f\u0103r\u0103 taxe vamale, la fel ca toate bunurile industriale. \u201eAm propus acest compromis ca un gest de bun\u0103voin\u021b\u0103, dar dac\u0103 SUA nu reduc tarifele pentru cele peste 400 de produse \u00een termen de \u0219ase luni, vom restabili automat tarifele noastre de 10%\u201d, a declarat Bernd Lange, negociatorul-\u0219ef al Parlamentului European pentru acest acord, din partea social-democra\u021bilor.<\/p>\n<p>\u00cen plus, Parlamentul European \u00ee\u0219i propune ca acordul s\u0103 expire automat \u00een martie 2028, moment \u00een care Bruxellesul \u0219i Washingtonul ar trebui s\u0103 ini\u021bieze renegocieri.<\/p>\n<p>\u017deljana Zovko, negociatoarea din partea Partidului Popular European, a subliniat c\u0103 acordul este \u201eechilibrat \u0219i orientat spre viitor\u201d, ad\u0103ug\u00e2nd c\u0103 schimburile comerciale cu cel mai important partener al Uniunii Europene \u201epot continua\u201d.<\/p>\n<p>Negocierile pentru acest acord au fost marcate de incertitudini timp de s\u0103pt\u0103m\u00e2ni, din cauza absen\u021bei unui consens \u00een Parlamentul European privind includerea acestor mecanisme de protec\u021bie. Aceast\u0103 situa\u021bie a fost amplificat\u0103 de amenin\u021b\u0103rile legate de suveranitatea Danemarcei \u0219i Groenlandei, formulate de Trump la \u00eenceputul anului 2026. Cu toate acestea, textul acordului a fost aprobat cu o larg\u0103 majoritate, fiind sus\u021binut de populari, social-democra\u021bi, liberali \u0219i verzi.<\/p>\n<p>Dup\u0103 votul din martie, Europarlamentul va trebui s\u0103 discute \u0219i s\u0103 negocieze forma final\u0103 a acordului cu statele membre ale Uniunii Europene, care \u00ee\u0219i stabiliser\u0103 deja o pozi\u021bie de negociere \u00eenainte de declara\u021biile lui Trump referitoare la Groenlanda, f\u0103r\u0103 a include clauze de acest tip.<\/p>\n","protected":false},"excerpt":{"rendered":"<p>Recent, europarlamentarii au ajuns la un consens privind avansarea ratific\u0103rii pactului comercial UE-SUA, dorind s\u0103 introduc\u0103 o clauz\u0103 de expirare \u00een martie 2028. De asemenea, s-a stabilit un termen de \u0219ase luni pentru evaluarea m\u0103surilor pe care Washingtonul le va adopta \u00een vederea reducerii tarifelor la produsele derivate din o\u021bel \u0219i aluminiu, conform informa\u021biilor furnizate [&hellip;]<\/p>\n","protected":false},"author":4,"featured_media":2411,"comment_status":"open","ping_status":"open","sticky":false,"template":"","format":"standard","meta":{"jnews-multi-image_gallery":[],"jnews_single_post":[],"jnews_primary_category":[],"jnews_override_counter":[],"footnotes":""},"categories":[40],"tags":[632,2587,4157,3529,485,4158,708,4159],"class_list":["post-2410","post","type-post","status-publish","format-standard","has-post-thumbnail","hentry","category-econonie","tag-acord","tag-bruxelles","tag-europarlamentari","tag-evaluare","tag-negociere","tag-pact-comercial","tag-tarife","tag-ue-sua"],"_links":{"self":[{"href":"https:\/\/www.newsrecorder.ro\/app\/wp-json\/wp\/v2\/posts\/2410","targetHints":{"allow":["GET"]}}],"collection":[{"href":"https:\/\/www.newsrecorder.ro\/app\/wp-json\/wp\/v2\/posts"}],"about":[{"href":"https:\/\/www.newsrecorder.ro\/app\/wp-json\/wp\/v2\/types\/post"}],"author":[{"embeddable":true,"href":"https:\/\/www.newsrecorder.ro\/app\/wp-json\/wp\/v2\/users\/4"}],"replies":[{"embeddable":true,"href":"https:\/\/www.newsrecorder.ro\/app\/wp-json\/wp\/v2\/comments?post=2410"}],"version-history":[{"count":0,"href":"https:\/\/www.newsrecorder.ro\/app\/wp-json\/wp\/v2\/posts\/2410\/revisions"}],"wp:featuredmedia":[{"embeddable":true,"href":"https:\/\/www.newsrecorder.ro\/app\/wp-json\/wp\/v2\/media\/2411"}],"wp:attachment":[{"href":"https:\/\/www.newsrecorder.ro\/app\/wp-json\/wp\/v2\/media?parent=2410"}],"wp:term":[{"taxonomy":"category","embeddable":true,"href":"https:\/\/www.newsrecorder.ro\/app\/wp-json\/wp\/v2\/categories?post=2410"},{"taxonomy":"post_tag","embeddable":true,"href":"https:\/\/www.newsrecorder.ro\/app\/wp-json\/wp\/v2\/tags?post=2410"}],"curies":[{"name":"wp","href":"https:\/\/api.w.org\/{rel}","templated":true}]}}