{"id":2414,"date":"2026-02-11T08:42:20","date_gmt":"2026-02-11T08:42:20","guid":{"rendered":"https:\/\/www.newsrecorder.ro\/app\/2026\/02\/11\/centrele-militare-judetene-se-transforma-mapn-preia-conducerea\/"},"modified":"2026-02-11T08:42:20","modified_gmt":"2026-02-11T08:42:20","slug":"centrele-militare-judetene-se-transforma-mapn-preia-conducerea","status":"publish","type":"post","link":"https:\/\/www.newsrecorder.ro\/app\/2026\/02\/11\/centrele-militare-judetene-se-transforma-mapn-preia-conducerea\/","title":{"rendered":"Centrele militare jude\u021bene se transform\u0103: MApN preia conducerea!"},"content":{"rendered":"<p>\u00cen cadrul unei \u00eent\u00e2lniri cu pre\u0219edin\u021bii consiliilor jude\u021bene din \u021bar\u0103, \u0219eful Guvernului a f\u0103cut un anun\u021b important referitor la transferul administrativ al centrelor militare.<\/p>\n<p>\u201eAm convenit cu Ministerul Ap\u0103r\u0103rii ca acest transfer s\u0103 fie inclus \u00een legea privind administra\u021bia, cu termen de aplicare stabilit pentru 1 ianuarie 2027. Totu\u0219i, ministerul a ridicat dou\u0103 aspecte esen\u021biale. \u00cen primul r\u00e2nd, este necesar un aviz din partea CSAT, ceea ce ar complica semnificativ procesul, av\u00e2nd \u00een vedere c\u0103 aceast\u0103 procedur\u0103 este mai complex\u0103. \u00cen al doilea r\u00e2nd, situa\u021bia variaz\u0103 de la un jude\u021b la altul; \u00een unele cazuri, centrele se afl\u0103 \u00een cl\u0103diri de\u021binute de Consiliul Jude\u021bean, \u00een timp ce \u00een altele sunt \u00een spa\u021bii \u00eenchiriate. Aceste aspecte legate de contractele de \u00eenchiriere trebuie clarificate, astfel \u00eenc\u00e2t, odat\u0103 ce aceste centre vor fi transferate \u00een totalitate sub administrarea Ministerului Ap\u0103r\u0103rii, s\u0103 existe garan\u021bii c\u0103 nu vor fi relocate \u00eentr-un timp scurt\u201d, a declarat Ilie Bolojan.<\/p>\n<p>Premierul a subliniat c\u0103, \u00een lunile urm\u0103toare, este esen\u021bial s\u0103 se rezolve aceste neclarit\u0103\u021bi, \u201eastfel \u00eenc\u00e2t, \u00eencep\u00e2nd cu 1 ianuarie anul viitor, consiliile jude\u021bene s\u0103 nu mai suporte finan\u021barea acestor structuri\u201d.<\/p>\n<p>Conform datelor prezentate, bugetul anual al consiliilor jude\u021bene destinat centrelor militare se ridic\u0103 la aproximativ 37 de milioane de lei, echivalentul a peste 7 milioane de euro.<\/p>\n","protected":false},"excerpt":{"rendered":"<p>\u00cen cadrul unei \u00eent\u00e2lniri cu pre\u0219edin\u021bii consiliilor jude\u021bene din \u021bar\u0103, \u0219eful Guvernului a f\u0103cut un anun\u021b important referitor la transferul administrativ al centrelor militare. \u201eAm convenit cu Ministerul Ap\u0103r\u0103rii ca acest transfer s\u0103 fie inclus \u00een legea privind administra\u021bia, cu termen de aplicare stabilit pentru 1 ianuarie 2027. Totu\u0219i, ministerul a ridicat dou\u0103 aspecte esen\u021biale. [&hellip;]<\/p>\n","protected":false},"author":2,"featured_media":2415,"comment_status":"open","ping_status":"open","sticky":false,"template":"","format":"standard","meta":{"jnews-multi-image_gallery":[],"jnews_single_post":[],"jnews_primary_category":[],"jnews_override_counter":[],"footnotes":""},"categories":[39],"tags":[4168,4172,4169,4173,4170,4171,472,4167],"class_list":["post-2414","post","type-post","status-publish","format-standard","has-post-thumbnail","hentry","category-stirile-zilei","tag-centre-militare","tag-cladiri","tag-consilii-judetene","tag-contracte-de-inchiriere","tag-csat","tag-legea-administratiei","tag-ministerul-apararii","tag-transfer-administrativ"],"_links":{"self":[{"href":"https:\/\/www.newsrecorder.ro\/app\/wp-json\/wp\/v2\/posts\/2414","targetHints":{"allow":["GET"]}}],"collection":[{"href":"https:\/\/www.newsrecorder.ro\/app\/wp-json\/wp\/v2\/posts"}],"about":[{"href":"https:\/\/www.newsrecorder.ro\/app\/wp-json\/wp\/v2\/types\/post"}],"author":[{"embeddable":true,"href":"https:\/\/www.newsrecorder.ro\/app\/wp-json\/wp\/v2\/users\/2"}],"replies":[{"embeddable":true,"href":"https:\/\/www.newsrecorder.ro\/app\/wp-json\/wp\/v2\/comments?post=2414"}],"version-history":[{"count":0,"href":"https:\/\/www.newsrecorder.ro\/app\/wp-json\/wp\/v2\/posts\/2414\/revisions"}],"wp:featuredmedia":[{"embeddable":true,"href":"https:\/\/www.newsrecorder.ro\/app\/wp-json\/wp\/v2\/media\/2415"}],"wp:attachment":[{"href":"https:\/\/www.newsrecorder.ro\/app\/wp-json\/wp\/v2\/media?parent=2414"}],"wp:term":[{"taxonomy":"category","embeddable":true,"href":"https:\/\/www.newsrecorder.ro\/app\/wp-json\/wp\/v2\/categories?post=2414"},{"taxonomy":"post_tag","embeddable":true,"href":"https:\/\/www.newsrecorder.ro\/app\/wp-json\/wp\/v2\/tags?post=2414"}],"curies":[{"name":"wp","href":"https:\/\/api.w.org\/{rel}","templated":true}]}}